{"id":39467,"date":"2024-10-27T18:00:00","date_gmt":"2024-10-27T21:00:00","guid":{"rendered":"https:\/\/noticiasdestaque.com.br\/index.php\/2024\/10\/27\/previsao-do-tempo-muitas-nuvens-e-chance-de-chuva-no-pr-e-areas-de-sc-e-rs-nesta-segunda-feira-28\/"},"modified":"2024-10-27T18:00:00","modified_gmt":"2024-10-27T21:00:00","slug":"previsao-do-tempo-muitas-nuvens-e-chance-de-chuva-no-pr-e-areas-de-sc-e-rs-nesta-segunda-feira-28","status":"publish","type":"post","link":"https:\/\/noticiasdestaque.com.br\/index.php\/2024\/10\/27\/previsao-do-tempo-muitas-nuvens-e-chance-de-chuva-no-pr-e-areas-de-sc-e-rs-nesta-segunda-feira-28\/","title":{"rendered":"PREVIS\u00c3O DO TEMPO: muitas nuvens e chance de chuva no PR e \u00e1reas de SC e RS, nesta segunda-feira (28)"},"content":{"rendered":"<p>\t\t\t\t\t\t\t\t\t\t<audio controls class=\"b61_audio_player\" data-noticia=\"78230\" src=\"https:\/\/brasil61.com\/rails\/active_storage\/blobs\/eyJfcmFpbHMiOnsibWVzc2FnZSI6IkJBaHBBMGNNQXc9PSIsImV4cCI6bnVsbCwicHVyIjoiYmxvYl9pZCJ9fQ==--a384d6e77af6741c566c780385a1d3132c592b9c\/PTRS243746A\"><\/audio><\/p>\n<p>O tempo com muitas nuvens, com possibilidade de chuvas, avan\u00e7a ao longo desta segunda-feira (28), nos estados do Sul.<\/p>\n<p>Segundo o Instituto Nacional de Meteorologia (Inmet), o dia come\u00e7a dessa forma em todo Paran\u00e1 e no Norte e Oeste catarinense, Vale do Itaja\u00ed e Metropolitana de Florian\u00f3polis.\u00a0<\/p>\n<p>Ainda pela manh\u00e3, n\u00e3o deve chover no Rio Grande do Sul. No Noroeste ga\u00facho, possibilidade de chuva \u00e0 tarde e noite.<\/p>\n<p>Em Curitiba (PR), temperatura m\u00ednima de 13\u00baC e m\u00e1xima de 24\u00baC. Em Florian\u00f3polis (SC), m\u00ednima de 19\u00baC e m\u00e1xima de 26\u00baC. Porto Alegre (RS) deve registrar m\u00ednima de 13\u00baC e m\u00e1xima de 27\u00baC.\u00a0<\/p>\n<p>As informa\u00e7\u00f5es s\u00e3o do Instituto Nacional de Meteorologia.<\/p>\n<p>\t\t\t\t\t\t\t\t\t<img loading=\"lazy\" decoding=\"async\" src=\"https:\/\/brasil61.com\/api\/v1\/serve_pixel\/17677\/78230\" alt=\"Pixel Brasil 61\" class=\"b61_pixel\" width=\"0\" height=\"0\"><\/p>\n<input type=\"hidden\" id=\"baseurl\" value=\"https:\/\/noticiasdestaque.com.br\"><input type=\"hidden\" id=\"audio_nonce\" value=\"6f73a554f1\">","protected":false},"excerpt":{"rendered":"<p>No Paran\u00e1, Norte e Oeste de SC, Vale do Itaja\u00ed e Florian\u00f3polis, o tempo ser\u00e1 nublado<\/p>\n","protected":false},"author":1,"featured_media":39468,"comment_status":"open","ping_status":"open","sticky":false,"template":"","format":"standard","meta":{"fifu_image_url":"","fifu_image_alt":"","footnotes":""},"categories":[58],"tags":[],"class_list":["post-39467","post","type-post","status-publish","format-standard","has-post-thumbnail","hentry","category-cotidiano"],"distributor_meta":false,"distributor_terms":false,"distributor_media":false,"distributor_original_site_name":"Noticias em Destaque","distributor_original_site_url":"https:\/\/noticiasdestaque.com.br","push-errors":false,"_links":{"self":[{"href":"https:\/\/noticiasdestaque.com.br\/index.php\/wp-json\/wp\/v2\/posts\/39467","targetHints":{"allow":["GET"]}}],"collection":[{"href":"https:\/\/noticiasdestaque.com.br\/index.php\/wp-json\/wp\/v2\/posts"}],"about":[{"href":"https:\/\/noticiasdestaque.com.br\/index.php\/wp-json\/wp\/v2\/types\/post"}],"author":[{"embeddable":true,"href":"https:\/\/noticiasdestaque.com.br\/index.php\/wp-json\/wp\/v2\/users\/1"}],"replies":[{"embeddable":true,"href":"https:\/\/noticiasdestaque.com.br\/index.php\/wp-json\/wp\/v2\/comments?post=39467"}],"version-history":[{"count":0,"href":"https:\/\/noticiasdestaque.com.br\/index.php\/wp-json\/wp\/v2\/posts\/39467\/revisions"}],"wp:featuredmedia":[{"embeddable":true,"href":"https:\/\/noticiasdestaque.com.br\/index.php\/wp-json\/wp\/v2\/media\/39468"}],"wp:attachment":[{"href":"https:\/\/noticiasdestaque.com.br\/index.php\/wp-json\/wp\/v2\/media?parent=39467"}],"wp:term":[{"taxonomy":"category","embeddable":true,"href":"https:\/\/noticiasdestaque.com.br\/index.php\/wp-json\/wp\/v2\/categories?post=39467"},{"taxonomy":"post_tag","embeddable":true,"href":"https:\/\/noticiasdestaque.com.br\/index.php\/wp-json\/wp\/v2\/tags?post=39467"}],"curies":[{"name":"wp","href":"https:\/\/api.w.org\/{rel}","templated":true}]}}