{"id":39448,"date":"2024-10-25T02:22:00","date_gmt":"2024-10-25T05:22:00","guid":{"rendered":"https:\/\/noticiasdestaque.com.br\/index.php\/2024\/10\/25\/dolar-esta-cotado-a-r-566-apos-queda-de-052\/"},"modified":"2024-10-25T02:22:00","modified_gmt":"2024-10-25T05:22:00","slug":"dolar-esta-cotado-a-r-566-apos-queda-de-052","status":"publish","type":"post","link":"https:\/\/noticiasdestaque.com.br\/index.php\/2024\/10\/25\/dolar-esta-cotado-a-r-566-apos-queda-de-052\/","title":{"rendered":"D\u00f3lar est\u00e1 cotado a R$ 5,66 ap\u00f3s queda de 0,52%"},"content":{"rendered":"<p>\t\t\t\t\t\t\t\t\t\t<audio controls class=\"b61_audio_player\" data-noticia=\"78192\" src=\"https:\/\/brasil61.com\/rails\/active_storage\/blobs\/eyJfcmFpbHMiOnsibWVzc2FnZSI6IkJBaHBBMXdMQXc9PSIsImV4cCI6bnVsbCwicHVyIjoiYmxvYl9pZCJ9fQ==--4911635a40029506d25b9b8f98e51277619073e2\/BRAS2412887A\"><\/audio><\/p>\n<p>O pre\u00e7o do d\u00f3lar est\u00e1 cotado a R$ 5,66 com queda de 0,52% no \u00faltimo fechamento. O resultado se deu pela valoriza\u00e7\u00e3o do real ap\u00f3s as falas do ministro da Fazenda, Fernando Haddad, durante reuni\u00e3o do G20.\u00a0<\/p>\n<p>Na ocasi\u00e3o, o titular da pasta refor\u00e7ou o compromisso fiscal do governo ao afirmar \u2014 em entrevista coletiva \u2014 que a revis\u00e3o de gastos discutida pela equipe econ\u00f4mica \u00e9 um refor\u00e7o no arcabou\u00e7o fiscal. Segundo ele, n\u00e3o se trata apenas de um programa, mas de uma medida estrutural importante para a Fazenda.<\/p>\n<p>O euro tamb\u00e9m opera em queda frente ao real, no \u00faltimo fechamento, e est\u00e1 cotado a R$ 6,13. As cota\u00e7\u00f5es s\u00e3o da companhia Morningstar.<\/p>\n<p>\t\t\t\t\t\t\t\t\t<img loading=\"lazy\" decoding=\"async\" src=\"https:\/\/brasil61.com\/api\/v1\/serve_pixel\/17677\/78192\" alt=\"Pixel Brasil 61\" class=\"b61_pixel\" width=\"0\" height=\"0\"><\/p>\n<input type=\"hidden\" id=\"baseurl\" value=\"https:\/\/noticiasdestaque.com.br\"><input type=\"hidden\" id=\"audio_nonce\" value=\"6f73a554f1\">","protected":false},"excerpt":{"rendered":"<p>Euro tamb\u00e9m teve recuo e fechou em R$ 6,13<\/p>\n","protected":false},"author":1,"featured_media":39449,"comment_status":"open","ping_status":"open","sticky":false,"template":"","format":"standard","meta":{"fifu_image_url":"","fifu_image_alt":"","footnotes":""},"categories":[59],"tags":[],"class_list":["post-39448","post","type-post","status-publish","format-standard","has-post-thumbnail","hentry","category-economia"],"distributor_meta":false,"distributor_terms":false,"distributor_media":false,"distributor_original_site_name":"Noticias em Destaque","distributor_original_site_url":"https:\/\/noticiasdestaque.com.br","push-errors":false,"_links":{"self":[{"href":"https:\/\/noticiasdestaque.com.br\/index.php\/wp-json\/wp\/v2\/posts\/39448","targetHints":{"allow":["GET"]}}],"collection":[{"href":"https:\/\/noticiasdestaque.com.br\/index.php\/wp-json\/wp\/v2\/posts"}],"about":[{"href":"https:\/\/noticiasdestaque.com.br\/index.php\/wp-json\/wp\/v2\/types\/post"}],"author":[{"embeddable":true,"href":"https:\/\/noticiasdestaque.com.br\/index.php\/wp-json\/wp\/v2\/users\/1"}],"replies":[{"embeddable":true,"href":"https:\/\/noticiasdestaque.com.br\/index.php\/wp-json\/wp\/v2\/comments?post=39448"}],"version-history":[{"count":0,"href":"https:\/\/noticiasdestaque.com.br\/index.php\/wp-json\/wp\/v2\/posts\/39448\/revisions"}],"wp:featuredmedia":[{"embeddable":true,"href":"https:\/\/noticiasdestaque.com.br\/index.php\/wp-json\/wp\/v2\/media\/39449"}],"wp:attachment":[{"href":"https:\/\/noticiasdestaque.com.br\/index.php\/wp-json\/wp\/v2\/media?parent=39448"}],"wp:term":[{"taxonomy":"category","embeddable":true,"href":"https:\/\/noticiasdestaque.com.br\/index.php\/wp-json\/wp\/v2\/categories?post=39448"},{"taxonomy":"post_tag","embeddable":true,"href":"https:\/\/noticiasdestaque.com.br\/index.php\/wp-json\/wp\/v2\/tags?post=39448"}],"curies":[{"name":"wp","href":"https:\/\/api.w.org\/{rel}","templated":true}]}}