{"id":39421,"date":"2024-10-26T18:00:00","date_gmt":"2024-10-26T21:00:00","guid":{"rendered":"https:\/\/noticiasdestaque.com.br\/index.php\/2024\/10\/26\/previsao-do-tempo-sul-tem-variacao-entre-poucas-e-muitas-nuvens-neste-domingo-27\/"},"modified":"2024-10-26T18:00:00","modified_gmt":"2024-10-26T21:00:00","slug":"previsao-do-tempo-sul-tem-variacao-entre-poucas-e-muitas-nuvens-neste-domingo-27","status":"publish","type":"post","link":"https:\/\/noticiasdestaque.com.br\/index.php\/2024\/10\/26\/previsao-do-tempo-sul-tem-variacao-entre-poucas-e-muitas-nuvens-neste-domingo-27\/","title":{"rendered":"PREVIS\u00c3O DO TEMPO: Sul tem varia\u00e7\u00e3o entre poucas e muitas nuvens neste domingo (27)"},"content":{"rendered":"<p>\t\t\t\t\t\t\t\t\t\t<audio controls class=\"b61_audio_player\" data-noticia=\"78211\" src=\"https:\/\/brasil61.com\/rails\/active_storage\/blobs\/eyJfcmFpbHMiOnsibWVzc2FnZSI6IkJBaHBBeFVNQXc9PSIsImV4cCI6bnVsbCwicHVyIjoiYmxvYl9pZCJ9fQ==--bf978229f1975ed23b15b070516aa498e631016e\/PTRS243745A\"><\/audio><\/p>\n<p>Neste domingo (27), tem varia\u00e7\u00e3o entre poucas e muitas nuvens em toda a Regi\u00e3o Sul do pa\u00eds, mas n\u00e3o h\u00e1 expectativa de chuvas. S\u00f3 tem possibilidade de chuvas isoladas nos munic\u00edpios catarinenses de Garuva, Itapo\u00e1 e S\u00e3o Francisco do Sul e nas microrregi\u00f5es paranaenses de Paranagu\u00e1 e Cerro Azul.<\/p>\n<p>Nas tr\u00eas capitais, Curitiba, Florian\u00f3polis e Porto Alegre, ao longo do dia, a previs\u00e3o \u00e9 de muitas nuvens e sem expectativa de precipita\u00e7\u00f5es.<\/p>\n<p>A temperatura m\u00ednima deve ficar em torno de 12\u00b0C em Curitiba (PR) e a m\u00e1xima pode chegar aos 24\u00b0C em Porto Alegre (RS). A umidade relativa do ar pode variar entre 90% e 40%<\/p>\n<p>As informa\u00e7\u00f5es s\u00e3o do Instituto Nacional de Meteorologia.<\/p>\n<p>\t\t\t\t\t\t\t\t\t<img loading=\"lazy\" decoding=\"async\" src=\"https:\/\/brasil61.com\/api\/v1\/serve_pixel\/17677\/78211\" alt=\"Pixel Brasil 61\" class=\"b61_pixel\" width=\"0\" height=\"0\"><\/p>\n<input type=\"hidden\" id=\"baseurl\" value=\"https:\/\/noticiasdestaque.com.br\"><input type=\"hidden\" id=\"audio_nonce\" value=\"6f73a554f1\">","protected":false},"excerpt":{"rendered":"<p>A temperatura na Regi\u00e3o Sul do pa\u00eds pode variar entre 12\u00b0C e 24\u00b0C<\/p>\n","protected":false},"author":1,"featured_media":39422,"comment_status":"open","ping_status":"open","sticky":false,"template":"","format":"standard","meta":{"fifu_image_url":"","fifu_image_alt":"","footnotes":""},"categories":[58],"tags":[],"class_list":["post-39421","post","type-post","status-publish","format-standard","has-post-thumbnail","hentry","category-cotidiano"],"distributor_meta":false,"distributor_terms":false,"distributor_media":false,"distributor_original_site_name":"Noticias em Destaque","distributor_original_site_url":"https:\/\/noticiasdestaque.com.br","push-errors":false,"_links":{"self":[{"href":"https:\/\/noticiasdestaque.com.br\/index.php\/wp-json\/wp\/v2\/posts\/39421","targetHints":{"allow":["GET"]}}],"collection":[{"href":"https:\/\/noticiasdestaque.com.br\/index.php\/wp-json\/wp\/v2\/posts"}],"about":[{"href":"https:\/\/noticiasdestaque.com.br\/index.php\/wp-json\/wp\/v2\/types\/post"}],"author":[{"embeddable":true,"href":"https:\/\/noticiasdestaque.com.br\/index.php\/wp-json\/wp\/v2\/users\/1"}],"replies":[{"embeddable":true,"href":"https:\/\/noticiasdestaque.com.br\/index.php\/wp-json\/wp\/v2\/comments?post=39421"}],"version-history":[{"count":0,"href":"https:\/\/noticiasdestaque.com.br\/index.php\/wp-json\/wp\/v2\/posts\/39421\/revisions"}],"wp:featuredmedia":[{"embeddable":true,"href":"https:\/\/noticiasdestaque.com.br\/index.php\/wp-json\/wp\/v2\/media\/39422"}],"wp:attachment":[{"href":"https:\/\/noticiasdestaque.com.br\/index.php\/wp-json\/wp\/v2\/media?parent=39421"}],"wp:term":[{"taxonomy":"category","embeddable":true,"href":"https:\/\/noticiasdestaque.com.br\/index.php\/wp-json\/wp\/v2\/categories?post=39421"},{"taxonomy":"post_tag","embeddable":true,"href":"https:\/\/noticiasdestaque.com.br\/index.php\/wp-json\/wp\/v2\/tags?post=39421"}],"curies":[{"name":"wp","href":"https:\/\/api.w.org\/{rel}","templated":true}]}}