{"id":39403,"date":"2024-10-14T14:00:00","date_gmt":"2024-10-14T17:00:00","guid":{"rendered":"https:\/\/noticiasdestaque.com.br\/index.php\/2024\/10\/14\/reforma-tributaria-segue-em-discussao-no-congresso\/"},"modified":"2024-10-14T14:00:00","modified_gmt":"2024-10-14T17:00:00","slug":"reforma-tributaria-segue-em-discussao-no-congresso","status":"publish","type":"post","link":"https:\/\/noticiasdestaque.com.br\/index.php\/2024\/10\/14\/reforma-tributaria-segue-em-discussao-no-congresso\/","title":{"rendered":"Reforma tribut\u00e1ria segue em discuss\u00e3o no Congresso"},"content":{"rendered":"<p>\t\t\t\t\t\t\t\t\t\t<audio controls class=\"b61_audio_player\" data-noticia=\"77962\" src=\"https:\/\/brasil61.com\/rails\/active_storage\/blobs\/eyJfcmFpbHMiOnsibWVzc2FnZSI6IkJBaHBBMWtKQXc9PSIsImV4cCI6bnVsbCwicHVyIjoiYmxvYl9pZCJ9fQ==--32f17289ddf68ac4d590149ae8b8fe22cbfdd145\/BRAS2412805A\"><\/audio><\/p>\n<p>Entre um turno e outro das elei\u00e7\u00f5es municipais, as vota\u00e7\u00f5es importantes no\u00a0Congresso Nacional v\u00e3o ficar para depois do dia 27 de outubro. Com muitos parlamentares ainda em campanha e fora de Bras\u00edlia, a semana ter\u00e1 poucas vota\u00e7\u00f5es.\u00a0<\/p>\n<p>O cientista pol\u00edtico Andr\u00e9 C\u00e9sar explica que o segundo turno em quatro grandes cidades brasileiras \u2014 S\u00e3o Paulo, BH, Manaus e Porto Alegre \u2014 termas importantes como a reforma tribut\u00e1ria, v\u00e3o ter que esperar.\u00a0<\/p>\n<p>\u201cTudo s\u00f3 vai acontecer depois do segundo turno das elei\u00e7\u00f5es. Enquanto isso, temas importantes n\u00e3o ser\u00e3o amplamente debatidos, muito menos votados.\u201d<\/p>\n<h2>Semana no Congresso<\/h2>\n<p>A semana come\u00e7a com mais uma audi\u00eancia p\u00fablica da Comiss\u00e3o de Educa\u00e7\u00e3o do Senado. O debate ser\u00e1 sobre o Projeto de Lei n\u00ba. 2614\/2024, que institui o novo Plano Nacional de Educa\u00e7\u00e3o para o dec\u00eanio 2024-2034.<\/p>\n<p>Na ter\u00e7a-feira (15) come\u00e7a o \u00faltimo ciclo de debates sobre o primeiro texto que regulamenta a reforma tribut\u00e1ria, que ser\u00e1 feito na Comiss\u00e3o de Assuntos Econ\u00f4micos (CAE) do Senado. Em discuss\u00e3o, como ser\u00e1 a \u201cTransi\u00e7\u00e3o e Fiscaliza\u00e7\u00e3o\u201d. As audi\u00eancias continuam na quarta-feira (16).\u00a0<\/p>\n<p>A Comiss\u00e3o Mista de Mudan\u00e7as Clim\u00e1tica debate, tamb\u00e9m na ter\u00e7a, a prepara\u00e7\u00e3o do Brasil para a da 29\u00aa Confer\u00eancia das Na\u00e7\u00f5es Unidas sobre as Mudan\u00e7as Clim\u00e1ticas (COP29), de 2024. Que acontece entre os dias 11 e 22 de novembro de 2024, em Baku, capital do Azerbaij\u00e3o.<\/p>\n<p>Na quinta feira (17) uma audi\u00eancia p\u00fablica na C\u00e2mara debate o sal\u00e1rio m\u00ednimo para m\u00e9dicos e dentistas. Com a presen\u00e7a de representantes das federa\u00e7\u00f5es e conselhos ligados \u00e0s entidades de sa\u00fade.<\/p>\n<p>A \u00faltima agenda da semana nas comiss\u00f5es e plen\u00e1rio ser\u00e1 na Comiss\u00e3o de Rela\u00e7\u00f5es Exteriores e Defesa Nacional (CRE), que recebe o Ministro Mauro Vieira, das Rela\u00e7\u00f5es Exteriores, para falar sobre o posicionamento do Brasil nas elei\u00e7\u00f5es venezuelanas.<\/p>\n<p>\t\t\t\t\t\t\t\t\t<img loading=\"lazy\" decoding=\"async\" src=\"https:\/\/brasil61.com\/api\/v1\/serve_pixel\/17677\/77962\" alt=\"Pixel Brasil 61\" class=\"b61_pixel\" width=\"0\" height=\"0\"><\/p>\n<input type=\"hidden\" id=\"baseurl\" value=\"https:\/\/noticiasdestaque.com.br\"><input type=\"hidden\" id=\"audio_nonce\" value=\"6a24ca502e\">","protected":false},"excerpt":{"rendered":"<p>Na ter\u00e7a-feira (15) come\u00e7a o \u00faltimo ciclo de debates sobre o primeiro texto que regulamenta a reforma, na Comiss\u00e3o de Assuntos Econ\u00f4micos (CAE) do Senado<\/p>\n","protected":false},"author":1,"featured_media":39404,"comment_status":"open","ping_status":"open","sticky":false,"template":"","format":"standard","meta":{"fifu_image_url":"","fifu_image_alt":"","footnotes":""},"categories":[50],"tags":[],"class_list":["post-39403","post","type-post","status-publish","format-standard","has-post-thumbnail","hentry","category-politica"],"distributor_meta":false,"distributor_terms":false,"distributor_media":false,"distributor_original_site_name":"Noticias em Destaque","distributor_original_site_url":"https:\/\/noticiasdestaque.com.br","push-errors":false,"_links":{"self":[{"href":"https:\/\/noticiasdestaque.com.br\/index.php\/wp-json\/wp\/v2\/posts\/39403","targetHints":{"allow":["GET"]}}],"collection":[{"href":"https:\/\/noticiasdestaque.com.br\/index.php\/wp-json\/wp\/v2\/posts"}],"about":[{"href":"https:\/\/noticiasdestaque.com.br\/index.php\/wp-json\/wp\/v2\/types\/post"}],"author":[{"embeddable":true,"href":"https:\/\/noticiasdestaque.com.br\/index.php\/wp-json\/wp\/v2\/users\/1"}],"replies":[{"embeddable":true,"href":"https:\/\/noticiasdestaque.com.br\/index.php\/wp-json\/wp\/v2\/comments?post=39403"}],"version-history":[{"count":0,"href":"https:\/\/noticiasdestaque.com.br\/index.php\/wp-json\/wp\/v2\/posts\/39403\/revisions"}],"wp:featuredmedia":[{"embeddable":true,"href":"https:\/\/noticiasdestaque.com.br\/index.php\/wp-json\/wp\/v2\/media\/39404"}],"wp:attachment":[{"href":"https:\/\/noticiasdestaque.com.br\/index.php\/wp-json\/wp\/v2\/media?parent=39403"}],"wp:term":[{"taxonomy":"category","embeddable":true,"href":"https:\/\/noticiasdestaque.com.br\/index.php\/wp-json\/wp\/v2\/categories?post=39403"},{"taxonomy":"post_tag","embeddable":true,"href":"https:\/\/noticiasdestaque.com.br\/index.php\/wp-json\/wp\/v2\/tags?post=39403"}],"curies":[{"name":"wp","href":"https:\/\/api.w.org\/{rel}","templated":true}]}}