{"id":39377,"date":"2024-10-23T18:00:00","date_gmt":"2024-10-23T21:00:00","guid":{"rendered":"https:\/\/noticiasdestaque.com.br\/index.php\/2024\/10\/23\/previsao-do-tempo-sudeste-tem-alerta-de-tempestades-e-chuvas-intensas-nesta-quinta-24\/"},"modified":"2024-10-23T18:00:00","modified_gmt":"2024-10-23T21:00:00","slug":"previsao-do-tempo-sudeste-tem-alerta-de-tempestades-e-chuvas-intensas-nesta-quinta-24","status":"publish","type":"post","link":"https:\/\/noticiasdestaque.com.br\/index.php\/2024\/10\/23\/previsao-do-tempo-sudeste-tem-alerta-de-tempestades-e-chuvas-intensas-nesta-quinta-24\/","title":{"rendered":"PREVIS\u00c3O DO TEMPO: Sudeste tem alerta de tempestades e chuvas intensas nesta quinta (24)"},"content":{"rendered":"<p>\t\t\t\t\t\t\t\t\t\t<audio controls class=\"b61_audio_player\" data-noticia=\"78172\" src=\"https:\/\/brasil61.com\/rails\/active_storage\/blobs\/eyJfcmFpbHMiOnsibWVzc2FnZSI6IkJBaHBBeUlMQXc9PSIsImV4cCI6bnVsbCwicHVyIjoiYmxvYl9pZCJ9fQ==--3ca50711e7f2865d6dd2eeb00d972e470e1baad3\/PTSD243860A\"><\/audio><\/p>\n<p>Nesta quinta-feira (24), tem previs\u00e3o de chuvas isoladas em todos os estados da Regi\u00e3o Sudeste. S\u00f3 n\u00e3o deve chover no per\u00edodo da manh\u00e3 no Esp\u00edrito Santo e algumas localidades de Minas Gerais, como Janu\u00e1ria, Vale do Rio Doce, Vale do Mucuri, Zona da Mata e Metropolitana de Belo Horizonte, al\u00e9m do Norte e Nordeste Fluminenses.<\/p>\n<p>O Instituto Nacional de Meteorologia (Inmet) emitiu um alerta de tempestades para as regi\u00f5es paulistas de Bauru, Itapetininga, Assis, Mar\u00edlia, Presidente Prudente, S\u00e3o Jos\u00e9 do Rio Preto, Campinas, Piracicaba, Ribeir\u00e3o Preto, Ara\u00e7atuba, Araraquara, Macro Metropolitana, Vale do Para\u00edba e Litoral Sul Paulista e Metropolitana de S\u00e3o Paulo. O alerta tamb\u00e9m vale para algumas regi\u00f5es de Minas Gerais, como Tri\u00e2ngulo Mineiro\/Alto Parana\u00edba, Campo das Vertentes, Zona da Mata, Oeste e Sul\/Sudoeste de Minas, al\u00e9m do Sul Fluminense e Metropolitana do Rio de Janeiro.<\/p>\n<p>Tamb\u00e9m tem alerta de chuvas intensas para o Noroeste e Norte de Minas, Central Mineira, Centro Fluminense, Metropolitana do Rio de Janeiro e Baixadas Litor\u00e2neas.<\/p>\n<p>Entre as capitais, a temperatura m\u00ednima deve ficar em torno de 17\u00b0C em Belo Horizonte (MG) e a m\u00e1xima pode chegar aos 38\u00b0C na cidade do Rio de Janeiro. A umidade relativa do ar pode variar entre 100% e 30%.<\/p>\n<p>As informa\u00e7\u00f5es s\u00e3o do Instituto Nacional de Meteorologia.\u00a0<\/p>\n<p>\t\t\t\t\t\t\t\t\t<img loading=\"lazy\" decoding=\"async\" src=\"https:\/\/brasil61.com\/api\/v1\/serve_pixel\/17677\/78172\" alt=\"Pixel Brasil 61\" class=\"b61_pixel\" width=\"0\" height=\"0\"><\/p>\n<input type=\"hidden\" id=\"baseurl\" value=\"https:\/\/noticiasdestaque.com.br\"><input type=\"hidden\" id=\"audio_nonce\" value=\"6f73a554f1\">","protected":false},"excerpt":{"rendered":"<p>A temperatura na regi\u00e3o pode variar entre 17\u00b0C e 38\u00b0C<\/p>\n","protected":false},"author":1,"featured_media":39378,"comment_status":"open","ping_status":"open","sticky":false,"template":"","format":"standard","meta":{"fifu_image_url":"","fifu_image_alt":"","footnotes":""},"categories":[58],"tags":[],"class_list":["post-39377","post","type-post","status-publish","format-standard","has-post-thumbnail","hentry","category-cotidiano"],"distributor_meta":false,"distributor_terms":false,"distributor_media":false,"distributor_original_site_name":"Noticias em Destaque","distributor_original_site_url":"https:\/\/noticiasdestaque.com.br","push-errors":false,"_links":{"self":[{"href":"https:\/\/noticiasdestaque.com.br\/index.php\/wp-json\/wp\/v2\/posts\/39377","targetHints":{"allow":["GET"]}}],"collection":[{"href":"https:\/\/noticiasdestaque.com.br\/index.php\/wp-json\/wp\/v2\/posts"}],"about":[{"href":"https:\/\/noticiasdestaque.com.br\/index.php\/wp-json\/wp\/v2\/types\/post"}],"author":[{"embeddable":true,"href":"https:\/\/noticiasdestaque.com.br\/index.php\/wp-json\/wp\/v2\/users\/1"}],"replies":[{"embeddable":true,"href":"https:\/\/noticiasdestaque.com.br\/index.php\/wp-json\/wp\/v2\/comments?post=39377"}],"version-history":[{"count":0,"href":"https:\/\/noticiasdestaque.com.br\/index.php\/wp-json\/wp\/v2\/posts\/39377\/revisions"}],"wp:featuredmedia":[{"embeddable":true,"href":"https:\/\/noticiasdestaque.com.br\/index.php\/wp-json\/wp\/v2\/media\/39378"}],"wp:attachment":[{"href":"https:\/\/noticiasdestaque.com.br\/index.php\/wp-json\/wp\/v2\/media?parent=39377"}],"wp:term":[{"taxonomy":"category","embeddable":true,"href":"https:\/\/noticiasdestaque.com.br\/index.php\/wp-json\/wp\/v2\/categories?post=39377"},{"taxonomy":"post_tag","embeddable":true,"href":"https:\/\/noticiasdestaque.com.br\/index.php\/wp-json\/wp\/v2\/tags?post=39377"}],"curies":[{"name":"wp","href":"https:\/\/api.w.org\/{rel}","templated":true}]}}