{"id":39364,"date":"2024-10-23T18:30:00","date_gmt":"2024-10-23T21:30:00","guid":{"rendered":"https:\/\/noticiasdestaque.com.br\/index.php\/2024\/10\/23\/reforma-tributaria-ccj-aprova-plano-de-trabalho-mas-deixa-setores-de-fora\/"},"modified":"2024-10-23T18:30:00","modified_gmt":"2024-10-23T21:30:00","slug":"reforma-tributaria-ccj-aprova-plano-de-trabalho-mas-deixa-setores-de-fora","status":"publish","type":"post","link":"https:\/\/noticiasdestaque.com.br\/index.php\/2024\/10\/23\/reforma-tributaria-ccj-aprova-plano-de-trabalho-mas-deixa-setores-de-fora\/","title":{"rendered":"Reforma Tribut\u00e1ria: CCJ aprova plano de trabalho, mas deixa setores de fora"},"content":{"rendered":"<p>\t\t\t\t\t\t\t\t\t\t<audio controls class=\"b61_audio_player\" data-noticia=\"78173\" src=\"https:\/\/brasil61.com\/rails\/active_storage\/blobs\/eyJfcmFpbHMiOnsibWVzc2FnZSI6IkJBaHBBekFMQXc9PSIsImV4cCI6bnVsbCwicHVyIjoiYmxvYl9pZCJ9fQ==--6ae1c16ba34f422e896fd1fd578ada0fc1722571\/BRAS2412878A\"><\/audio><\/p>\n<p>Na pr\u00f3xima ter\u00e7a-feira (29), a Comiss\u00e3o de Constitui\u00e7\u00e3o e Justi\u00e7a (CCJ) do Senado come\u00e7a a debater o primeiro texto que regulamenta a reforma tribut\u00e1ria, o <a href=\"https:\/\/www.camara.leg.br\/proposicoesWeb\/fichadetramitacao?idProposicao=2430143&amp;fichaAmigavel=nao\">PLP 68\/24<\/a>. O projeto\u00a0vai definir as regras para o funcionamento do\u00a0futuro\u00a0Imposto sobre Bens e Servi\u00e7os (IBS) e da Contribui\u00e7\u00e3o sobre Bens e Servi\u00e7os (CBS).<\/p>\n<p>O ciclo de debates e audi\u00eancias p\u00fablicas vai at\u00e9 dia 14 de novembro, quando ser\u00e3o ouvidos representantes de v\u00e1rios setores da economia. Mas um deles foi deixado de fora: a Confedera\u00e7\u00e3o das Associa\u00e7\u00f5es Comerciais e Empresariais do Brasil (CACB), que representa as 27 unidades da federa\u00e7\u00e3o e mais de 2 milh\u00f5es de empresas.\u00a0<\/p>\n<p>A entidade se manifestou por meio de uma carta aberta, alegando ter o reconhecimento do Supremo Tribunal Federal para propor a\u00e7\u00f5es de controle concentrado junto ao \u00f3rg\u00e3o, ao lado de associa\u00e7\u00f5es sindicais como CNI, CNA e CNC.<\/p>\n<blockquote>\n<p>\u201cRepresentando a base do micro e pequeno neg\u00f3cio brasileiro, acompanhamos as discuss\u00f5es acerca da Reforma Tribut\u00e1ria desde antes de sua promulga\u00e7\u00e3o pelo Congresso Nacional, em dezembro de 2023, contribuindo no grupo de trabalho e em audi\u00eancias p\u00fablicas na C\u00e2mara dos Deputados, com propostas e altera\u00e7\u00f5es significativas no texto, como o limite para a carga tribut\u00e1ria global.<\/p>\n<p>J\u00e1 no Senado Federal (&#8230;) participamos das reuni\u00f5es promovidas pela Comiss\u00e3o de Assuntos Econ\u00f4micos (CAE) apontando para as necessidades de ajustes no PLP 68\/2024. Alertamos, especialmente, para o risco de preju\u00edzo que mais de 20 milh\u00f5es de micro e pequenas empresas optantes pelo regime tribut\u00e1rio do Simples Nacional poder\u00e3o sofrer caso n\u00e3o haja ajustes na proposta em an\u00e1lise.<\/p>\n<p>Diante disso, \u00e9 com pesar e estranhamento que a CACB registra o fato de n\u00e3o ter sido convidada para colaborar com o aprimoramento do texto, que passa a ser discutido em audi\u00eancias p\u00fablicas pela Comiss\u00e3o de Constitui\u00e7\u00e3o e Justi\u00e7a (CCJ) do Senado.\u201d<\/p>\n<\/blockquote>\n<p>Em entrevista ao <strong>Brasil 61<\/strong>, o presidente da CACB, Alfredo Cotait Neto, disse ter recebido o presidente do Senado, Rodrigo Pacheco (PSD-MG), na sede da confedera\u00e7\u00e3o na semana passada. Na ocasi\u00e3o, Pacheco falou sobre o cronograma das audi\u00eancias p\u00fablicas na CCJ e a inclus\u00e3o da discuss\u00e3o sobre o Simples Nacional nas reuni\u00f5es. &#8220;N\u00e3o ter havido convite para o debate foi uma surpresa&#8221;, disse Cotait.\u00a0<\/p>\n<p>\u201cA n\u00e3o inclus\u00e3o da CACB,\u00a0leg\u00edtima representante dos micro e pequenos empreendedores e empresas, \u00e9 uma constata\u00e7\u00e3o que desqualifica esta audi\u00eancia p\u00fablica, pois est\u00e1 fazendo governo com governo. Onde est\u00e1 a sociedade civil organizada?\u201d, questionou Cotait.\u00a0<\/p>\n<p>Ainda segundo o presidente da CACB, logo ap\u00f3s a divulga\u00e7\u00e3o da lista dos participantes das audi\u00eancias p\u00fablicas\u00a0ele esteve no Senado para tentar incluir a entidade na discuss\u00e3o na CCJ.\u00a0<\/p>\n<p>\u201cA resposta foi: esse pedido s\u00f3 pode ser feito atrav\u00e9s de um senador. O que mostra que a estrutura do nosso Congresso est\u00e1 completamente defasada\u201d, desabafou Cotait.\u00a0<\/p>\n<h2>Luta pelo Simples Nacional<\/h2>\n<p>Segundo a CACB, os principais questionamentos quanto ao texto do PLP 68\/24 est\u00e3o nos seguintes pontos:\u00a0<\/p>\n<ul>\n<li>A reforma tribut\u00e1ria do IBS e da CBS deixa de tratar o Simples Nacional de maneira ison\u00f4mica e traz preju\u00edzos quando se compara o novo regime com o atual;<\/li>\n<li>Impossibilidade de aplica\u00e7\u00e3o para o Simples Nacional das redu\u00e7\u00f5es de al\u00edquotas da cesta b\u00e1sica, regimes diferenciados e outras isen\u00e7\u00f5es previstas na lei reguladora do IBS e da CBS;<\/li>\n<li>A aus\u00eancia de regra para a exclus\u00e3o proporcional da receita desses bens ou servi\u00e7os no regime do Simples Nacional, o que para a entidade, trar\u00e1 preju\u00edzo ao empres\u00e1rio e expressiva diferen\u00e7a em rela\u00e7\u00e3o ao modelo atual, que admite essa exclus\u00e3o para o ICMS e ISS.<\/li>\n<li>O novo sistema tamb\u00e9m extingue a possibilidade de transmiss\u00e3o de cr\u00e9dito integral para os contribuintes que adquirem produtos ou servi\u00e7os de empres\u00e1rios do Simples Nacional, como atualmente \u00e9 permitido nas contribui\u00e7\u00f5es do PIS e da COFINS.<\/li>\n<\/ul>\n<p>Entre as lutas da institui\u00e7\u00e3o sobre a reforma tribut\u00e1ria est\u00e1 a manuten\u00e7\u00e3o do Simples Nacional como um regime diferenciado \u2014 o que j\u00e1 foi constitucionalmente estabelecido. S\u00f3 assim ser\u00e1 poss\u00edvel garantir a sobreviv\u00eancia competitiva do micro e pequeno empreendedor com a mudan\u00e7a de regime tribut\u00e1rio no pa\u00eds.\u00a0<\/p>\n<p><a href=\"https:\/\/brasil61.com\/n\/simples-nacional-texto-da-reforma-tributaria-que-tramita-no-senado-pode-mudar-regras-e-reduzir-competitividade-dos-micro-e-pequenos-bras2412465\">Simples Nacional: texto da Reforma Tribut\u00e1ria que tramita no Senado pode mudar regras e reduzir competitividade dos micro e pequenos<\/a><\/p>\n<p><a href=\"https:\/\/brasil61.com\/n\/mais-de-1-8-milhao-de-pequenos-negocios-inadimplentes-podem-ser-excluidos-do-simples-nacional-bras2412863\">Mais de 1,8 milh\u00e3o de pequenos neg\u00f3cios inadimplentes podem ser exclu\u00eddos do Simples Nacional<\/a><\/p>\n<h2>Audi\u00eancias p\u00fablicas come\u00e7am na pr\u00f3xima ter\u00e7a (29)<\/h2>\n<p>Segundo o relator da regulamenta\u00e7\u00e3o na casa, senador Eduardo Braga (MDB-AM), a proposta \u00e9 que sejam feitas 11 audi\u00eancias p\u00fablicas at\u00e9 o dia 14 de novembro. Os convidados ser\u00e3o representantes do governo federal, estados e munic\u00edpios, do setor privado e especialistas da \u00e1rea.<\/p>\n<p>A previs\u00e3o \u00e9 que a primeira audi\u00eancia tenha a participa\u00e7\u00e3o de membros do governo, como o secret\u00e1rio-executivo do Minist\u00e9rio da Fazenda, Dario Durigan, e o secret\u00e1rio extraordin\u00e1rio da reforma tribut\u00e1ria, Bernard Appy. Entre os temas que devem ser debatidos est\u00e3o os impactos no setor produtivo e social, os regimes diferenciados, o\u00a0impacto na sa\u00fade e nos planos de sa\u00fade, regimes espec\u00edficos para servi\u00e7os financeiros,\u00a0entre outros.\u00a0<br \/>\n\u00a0<\/p>\n<p>\t\t\t\t\t\t\t\t\t<img loading=\"lazy\" decoding=\"async\" src=\"https:\/\/brasil61.com\/api\/v1\/serve_pixel\/17677\/78173\" alt=\"Pixel Brasil 61\" class=\"b61_pixel\" width=\"0\" height=\"0\"><\/p>\n<input type=\"hidden\" id=\"baseurl\" value=\"https:\/\/noticiasdestaque.com.br\"><input type=\"hidden\" id=\"audio_nonce\" value=\"6f73a554f1\">","protected":false},"excerpt":{"rendered":"<p>Confedera\u00e7\u00e3o das Associa\u00e7\u00f5es Comerciais e Empresariais do Brasil (CACB) \u2013 que representa mais de 2 milh\u00f5es de empresas \u2013 ficou de fora das audi\u00eancias p\u00fablicas que come\u00e7am na pr\u00f3xima ter\u00e7a (29), no Senado. Em carta aberta, entidade alega estranhamento em n\u00e3o ter sido convidada para as discuss\u00f5es, j\u00e1 que tem tido um papel importante e ativo na reforma<\/p>\n","protected":false},"author":1,"featured_media":39365,"comment_status":"open","ping_status":"open","sticky":false,"template":"","format":"standard","meta":{"fifu_image_url":"","fifu_image_alt":"","footnotes":""},"categories":[59],"tags":[],"class_list":["post-39364","post","type-post","status-publish","format-standard","has-post-thumbnail","hentry","category-economia"],"distributor_meta":false,"distributor_terms":false,"distributor_media":false,"distributor_original_site_name":"Noticias em Destaque","distributor_original_site_url":"https:\/\/noticiasdestaque.com.br","push-errors":false,"_links":{"self":[{"href":"https:\/\/noticiasdestaque.com.br\/index.php\/wp-json\/wp\/v2\/posts\/39364","targetHints":{"allow":["GET"]}}],"collection":[{"href":"https:\/\/noticiasdestaque.com.br\/index.php\/wp-json\/wp\/v2\/posts"}],"about":[{"href":"https:\/\/noticiasdestaque.com.br\/index.php\/wp-json\/wp\/v2\/types\/post"}],"author":[{"embeddable":true,"href":"https:\/\/noticiasdestaque.com.br\/index.php\/wp-json\/wp\/v2\/users\/1"}],"replies":[{"embeddable":true,"href":"https:\/\/noticiasdestaque.com.br\/index.php\/wp-json\/wp\/v2\/comments?post=39364"}],"version-history":[{"count":0,"href":"https:\/\/noticiasdestaque.com.br\/index.php\/wp-json\/wp\/v2\/posts\/39364\/revisions"}],"wp:featuredmedia":[{"embeddable":true,"href":"https:\/\/noticiasdestaque.com.br\/index.php\/wp-json\/wp\/v2\/media\/39365"}],"wp:attachment":[{"href":"https:\/\/noticiasdestaque.com.br\/index.php\/wp-json\/wp\/v2\/media?parent=39364"}],"wp:term":[{"taxonomy":"category","embeddable":true,"href":"https:\/\/noticiasdestaque.com.br\/index.php\/wp-json\/wp\/v2\/categories?post=39364"},{"taxonomy":"post_tag","embeddable":true,"href":"https:\/\/noticiasdestaque.com.br\/index.php\/wp-json\/wp\/v2\/tags?post=39364"}],"curies":[{"name":"wp","href":"https:\/\/api.w.org\/{rel}","templated":true}]}}