{"id":39354,"date":"2024-10-23T04:03:00","date_gmt":"2024-10-23T07:03:00","guid":{"rendered":"https:\/\/noticiasdestaque.com.br\/index.php\/2024\/10\/23\/acidente-domestico-1-em-cada-3-idosos-sofre-uma-queda-por-ano-estima-into\/"},"modified":"2024-10-23T04:03:00","modified_gmt":"2024-10-23T07:03:00","slug":"acidente-domestico-1-em-cada-3-idosos-sofre-uma-queda-por-ano-estima-into","status":"publish","type":"post","link":"https:\/\/noticiasdestaque.com.br\/index.php\/2024\/10\/23\/acidente-domestico-1-em-cada-3-idosos-sofre-uma-queda-por-ano-estima-into\/","title":{"rendered":"Acidente dom\u00e9stico: 1 em cada 3 idosos sofre uma queda por ano, estima Into"},"content":{"rendered":"<p>\t\t\t\t\t\t\t\t\t\t<audio controls class=\"b61_audio_player\" data-noticia=\"78145\" src=\"https:\/\/brasil61.com\/rails\/active_storage\/blobs\/eyJfcmFpbHMiOnsibWVzc2FnZSI6IkJBaHBBLzhLQXc9PSIsImV4cCI6bnVsbCwicHVyIjoiYmxvYl9pZCJ9fQ==--b12b05b716ee15a692a8b957cf8c33eba9d1088c\/BRAS2412869A\"><\/audio><\/p>\n<p>O Instituto Nacional de Traumatologia e Ortopedia (Into) estima que um em cada tr\u00eas idosos, com mais de 65 anos, sofre uma queda por ano. Al\u00e9m disso, 5% desses indiv\u00edduos sofrem fraturas ou precisam ser hospitalizados. O risco \u00e9 maior conforme os anos passam. Dentre os idosos com 80 anos ou mais, a estimativa de queda sobe para 40%.\u00a0<\/p>\n<p>De acordo com a atualiza\u00e7\u00e3o mais recente dos\u00a0Sistemas de Informa\u00e7\u00f5es Ambulatoriais e Hospitalares do SUS, de janeiro a agosto de 2024\u00a0foram realizados 389 atendimentos hospitalares relacionados acidentes dom\u00e9sticos com idosos no Brasil. No mesmo per\u00edodo, foram registradas 109 assist\u00eancias ambulatoriais pela mesma causa.\u00a0<\/p>\n<p>Em nota o Minist\u00e9rio da Sa\u00fade refor\u00e7a que\u00a0&#8220;os n\u00fameros relacionados aos atendimentos ambulatoriais e interna\u00e7\u00f5es hospitalares n\u00e3o s\u00e3o referentes a\u00a0quantidade de pessoas e, sim, de procedimentos realizados. Dessa forma, o mesmo indiv\u00edduo pode ter sido assistido mais de uma vez no mesmo per\u00edodo e passado por mais de um procedimento nesse atendimento&#8221;.<\/p>\n<p>O aposentado Mariel Ara\u00fajo, de 71 anos \u2014 morador da Asa Sul, em Bras\u00edlia (DF) \u2014 sofreu uma queda durante uma pescaria no Lago Parano\u00e1, no \u00faltimo dia 17 de outubro. Conforme conta a filha dele, Mahyra Ara\u00fajo, ele subiu em uma pedra para tentar pegar um peixe.<\/p>\n<p>\u201cQuando ele foi voltar para descer da pedra e sair de l\u00e1, ele disse que se abaixou para fazer a volta, s\u00f3 que na hora que colocou o p\u00e9 para virar, o p\u00e9 escorregou. No que escorregou, ele rolou e saiu batendo as costas na pedra at\u00e9 cair no lago. Ele acabou batendo [as costas], est\u00e1 com um monte de arranh\u00e3o nas costas, na bacia, na lateral e quebrou a costela.\u201d<\/p>\n<h2>Acidentes dom\u00e9sticos<\/h2>\n<p>Apesar do acidente de Mariel n\u00e3o ter sido em casa, o Into aponta que boa parte das quedas de idosos ocorrem no ambiente dom\u00e9stico.\u00a0<\/p>\n<p>No \u00faltimo s\u00e1bado (19), o presidente Lula da Silva, de 78 anos, sofreu um acidente dom\u00e9stico no banheiro do Pal\u00e1cio da Alvorada. Segundo o boletim m\u00e9dico divulgado pelo Hospital S\u00edrio-Liban\u00eas, o chefe do Poder Executivo sofreu um &#8220;ferimento corto-contuso em regi\u00e3o occipital&#8221;, ou seja, um corte na regi\u00e3o da nuca.<\/p>\n<p>A viagem que faria \u00e0 R\u00fassia no domingo (20) para participar da C\u00fapula do Brics precisou ser cancelada e, por isso, Lula vai participar por videoconfer\u00eancia.<\/p>\n<p>Roberta Fran\u00e7a, geriatra do Grupo Said, empresa especializada no atendimento de idosos, explica como os familiares podem contribuir para evitar os acidentes dom\u00e9sticos com idosos.<\/p>\n<p>\u201cA gente precisa entender que, quando chega a velhice, \u00e9 muito importante que essa casa seja adaptada para este idoso. Muitas vezes essa casa j\u00e1 n\u00e3o comporta mais tantos tapetes, tantos m\u00f3veis de quina, tantas mob\u00edlias e a gente precisa entender isso para que essa casa fique o mais segura poss\u00edvel.\u201d<\/p>\n<h2>Recomenda\u00e7\u00f5es<\/h2>\n<p>A geriatra Roberta Fran\u00e7a deixa algumas recomenda\u00e7\u00f5es, de acordo com o c\u00f4modo da casa, para evitar os acidentes dom\u00e9sticos com idosos:<\/p>\n<p><u><strong>Sala<\/strong><\/u><\/p>\n<ul>\n<li>evite tapetes;<\/li>\n<li>n\u00e3o altere\u00a0os m\u00f3veis do\u00a0lugar habitual;<\/li>\n<li>garanta espa\u00e7o adequado entre os objetos;<\/li>\n<li>fixe bem os fios para que n\u00e3o fiquem espalhados;<\/li>\n<li>prefira cadeiras com apoio de bra\u00e7o.<\/li>\n<\/ul>\n<p><u><strong>Cozinha<\/strong><\/u><\/p>\n<ul>\n<li>mantenha os alimentos e utens\u00edlios em lugares de f\u00e1cil acesso, para evitar que os idosos subam em cadeiras para alcan\u00e7\u00e1-los;<\/li>\n<li>limpe imediatamente l\u00edquidos no ch\u00e3o, para evitar escorreg\u00f5es;<\/li>\n<li>confira sempre se as chamas do fog\u00e3o est\u00e3o apagadas ao deixar o local.<\/li>\n<\/ul>\n<p><strong><u>Quarto<\/u><\/strong><\/p>\n<ul>\n<li>deixe os itens de uso di\u00e1rio dos idosos em local acess\u00edvel;<\/li>\n<li>deixe um abajur ao lado da cama para facilitar a locomo\u00e7\u00e3o do idoso durante a noite;<\/li>\n<li>disponibilize uma cama confort\u00e1vel, f\u00e1cil de subir e descer, com colch\u00e3o adequado para o peso e altura do idoso.<\/li>\n<\/ul>\n<p>Os cuidados com a sala, a cozinha e o quarto s\u00e3o importantes, mas as fam\u00edlias devem dobrar a preven\u00e7\u00e3o com o banheiro, pontua Roberta. \u201cO banheiro \u00e9, sem d\u00favida, o local onde a maioria dos acidentes acontece: ou diretamente no banheiro ou no trajeto quarto-banheiro, principalmente \u00e0 noite\u201d, explica.\u00a0<\/p>\n<p>A recomenda\u00e7\u00e3o para quem tem idosos em casa \u00e9 manter os ambientes iluminados, especialmente no trajeto do quarto ao banheiro \u00e0 noite. Outra dica fundamental \u00e9 emborrachar o piso do banheiro para evitar as quedas. Barras de apoio no chuveiro e no sanit\u00e1rio e adaptadores tamb\u00e9m deixam o local mais seguro.<\/p>\n<p><strong><a href=\"https:\/\/brasil61.com\/n\/idoso-acamado-o-que-fazer-que-cuidados-tomar-blog240537\" target=\"_blank\" rel=\"noopener\">Idoso acamado: o que fazer? Que cuidados tomar?<\/a><\/strong><\/p>\n<p><strong><a href=\"https:\/\/brasil61.com\/n\/dr-ajuda-infeccao-no-osso-em-adultos-quais-sintomas-e-o-que-fazer-blog240629\" target=\"_blank\" rel=\"noopener\">Dr. Ajuda: infec\u00e7\u00e3o no osso em adultos; quais sintomas e o que fazer<\/a><\/strong><\/p>\n<p>\t\t\t\t\t\t\t\t\t<img loading=\"lazy\" decoding=\"async\" src=\"https:\/\/brasil61.com\/api\/v1\/serve_pixel\/17677\/78145\" alt=\"Pixel Brasil 61\" class=\"b61_pixel\" width=\"0\" height=\"0\"><\/p>\n<input type=\"hidden\" id=\"baseurl\" value=\"https:\/\/noticiasdestaque.com.br\"><input type=\"hidden\" id=\"audio_nonce\" value=\"6f73a554f1\">","protected":false},"excerpt":{"rendered":"<p>No \u00faltimo s\u00e1bado (19), o presidente Lula, de 78 anos, sofreu uma queda no banheiro do Pal\u00e1cio da Alvorada<\/p>\n","protected":false},"author":1,"featured_media":39355,"comment_status":"open","ping_status":"open","sticky":false,"template":"","format":"standard","meta":{"fifu_image_url":"","fifu_image_alt":"","footnotes":""},"categories":[51],"tags":[],"class_list":["post-39354","post","type-post","status-publish","format-standard","has-post-thumbnail","hentry","category-saude"],"distributor_meta":false,"distributor_terms":false,"distributor_media":false,"distributor_original_site_name":"Noticias em Destaque","distributor_original_site_url":"https:\/\/noticiasdestaque.com.br","push-errors":false,"_links":{"self":[{"href":"https:\/\/noticiasdestaque.com.br\/index.php\/wp-json\/wp\/v2\/posts\/39354","targetHints":{"allow":["GET"]}}],"collection":[{"href":"https:\/\/noticiasdestaque.com.br\/index.php\/wp-json\/wp\/v2\/posts"}],"about":[{"href":"https:\/\/noticiasdestaque.com.br\/index.php\/wp-json\/wp\/v2\/types\/post"}],"author":[{"embeddable":true,"href":"https:\/\/noticiasdestaque.com.br\/index.php\/wp-json\/wp\/v2\/users\/1"}],"replies":[{"embeddable":true,"href":"https:\/\/noticiasdestaque.com.br\/index.php\/wp-json\/wp\/v2\/comments?post=39354"}],"version-history":[{"count":0,"href":"https:\/\/noticiasdestaque.com.br\/index.php\/wp-json\/wp\/v2\/posts\/39354\/revisions"}],"wp:featuredmedia":[{"embeddable":true,"href":"https:\/\/noticiasdestaque.com.br\/index.php\/wp-json\/wp\/v2\/media\/39355"}],"wp:attachment":[{"href":"https:\/\/noticiasdestaque.com.br\/index.php\/wp-json\/wp\/v2\/media?parent=39354"}],"wp:term":[{"taxonomy":"category","embeddable":true,"href":"https:\/\/noticiasdestaque.com.br\/index.php\/wp-json\/wp\/v2\/categories?post=39354"},{"taxonomy":"post_tag","embeddable":true,"href":"https:\/\/noticiasdestaque.com.br\/index.php\/wp-json\/wp\/v2\/tags?post=39354"}],"curies":[{"name":"wp","href":"https:\/\/api.w.org\/{rel}","templated":true}]}}