{"id":39346,"date":"2024-10-18T04:02:00","date_gmt":"2024-10-18T07:02:00","guid":{"rendered":"https:\/\/noticiasdestaque.com.br\/index.php\/2024\/10\/18\/covid-19-nova-variante-xec-pode-ser-mais-transmissivel\/"},"modified":"2024-10-18T04:02:00","modified_gmt":"2024-10-18T07:02:00","slug":"covid-19-nova-variante-xec-pode-ser-mais-transmissivel","status":"publish","type":"post","link":"https:\/\/noticiasdestaque.com.br\/index.php\/2024\/10\/18\/covid-19-nova-variante-xec-pode-ser-mais-transmissivel\/","title":{"rendered":"Covid-19: nova variante XEC pode ser mais transmiss\u00edvel"},"content":{"rendered":"<p>\t\t\t\t\t\t\t\t\t\t<audio controls class=\"b61_audio_player\" data-noticia=\"78064\" src=\"https:\/\/brasil61.com\/rails\/active_storage\/blobs\/eyJfcmFpbHMiOnsibWVzc2FnZSI6IkJBaHBBemtLQXc9PSIsImV4cCI6bnVsbCwicHVyIjoiYmxvYl9pZCJ9fQ==--3422686fa075811e752ec208a72e8b13a466310f\/BRAS2412843A\"><\/audio><\/p>\n<p>A nova variante XEC da Covid-19, encontrada no Rio de Janeiro, em S\u00e3o Paulo e em Santa Catarina, tem maior potencial de transmiss\u00e3o, segundo a Organiza\u00e7\u00e3o Mundial da Sa\u00fade (OMS). A informa\u00e7\u00e3o foi confirmada pela virologista Paola Resende, pesquisadora do Laborat\u00f3rio de V\u00edrus Respirat\u00f3rios, Exantem\u00e1ticos, Enterov\u00edrus e Emerg\u00eancias Virais do Instituto Oswaldo Cruz (IOC\/Fiocruz).<\/p>\n<p>\u201cA Organiza\u00e7\u00e3o Mundial de Sa\u00fade elevou essa linhagem XEC para uma variante sob monitoramento devido ao seu potencial de ser mais transmiss\u00edvel. Ent\u00e3o rapidamente, em quest\u00e3o de meses, ela ganhou diferentes continentes, diferentes pa\u00edses, chegando ao Brasil e sendo detectado mais recentemente em tr\u00eas estados.\u201d<\/p>\n<p>A XEC foi identificada pela primeira vez em junho de 2024, com um aumento de casos na Alemanha, e, desde ent\u00e3o, se espalhou rapidamente para 35 pa\u00edses da Europa, Am\u00e9ricas, \u00c1sia e Oceania.\u00a0<\/p>\n<p>No Brasil, a nova variante foi identificada ap\u00f3s a decodifica\u00e7\u00e3o de sequ\u00eancias gen\u00e9ticas de duas amostras de swab nasal de pacientes diagnosticados com Covid-19 no Rio de Janeiro, em 26 de setembro e 7 de outubro. Depois, outros pesquisadores tamb\u00e9m identificaram a linhagem XEC em amostras de pacientes de S\u00e3o Paulo, coletadas em agosto, e em duas amostras de pacientes de Santa Catarina, coletadas em setembro.<\/p>\n<p>Segundo a virologista Paola Resende, ainda \u00e9 preciso entender melhor como ser\u00e1 o comportamento dessa variante no Brasil.<\/p>\n<p>\u201cA princ\u00edpio, n\u00e3o houve aumento do n\u00famero de casos, nem de casos graves, nesses tr\u00eas estados\u00a0onde essa variante j\u00e1 foi detectada. A Covid-19 continua sendo detectada, mas a n\u00edveis que n\u00e3o geram alerta desse aumento. Nossa popula\u00e7\u00e3o tem um certo background imunol\u00f3gico, uma mem\u00f3ria imunol\u00f3gica, diferentemente de outras popula\u00e7\u00f5es ao redor do mundo. Por exemplo, aqui circulou altamente a variante de preocupa\u00e7\u00e3o Gama P.1, que em outras regi\u00f5es do mundo n\u00e3o teve tanto sucesso.\u201d<\/p>\n<h2>Caracter\u00edsticas da XEC<\/h2>\n<p>A nova linhagem XEC faz parte da fam\u00edlia \u00d4micron e pode ter surgido a partir da combina\u00e7\u00e3o gen\u00e9tica de outras cepas. Isso acontece quando um indiv\u00edduo \u00e9 infectado por duas linhas virais ao mesmo tempo. A infectologista Raquel Stucchi, consultora da Sociedade Brasileira de Infectologia, explica como essa nova linhagem pode ter surgido.<\/p>\n<p>\u201cSabemos que as variantes v\u00e3o surgindo de combina\u00e7\u00f5es de outras linhagens que existem e ela recombina dois v\u00edrus da linhagem JN.1, que \u00e9 a que estava circulando aqui entre n\u00f3s e tamb\u00e9m circulava no hemisf\u00e9rio norte.\u201d<\/p>\n<p>Segundo a infectologista Raquel Stucchi, as vacinas que est\u00e3o dispon\u00edveis atualmente para a popula\u00e7\u00e3o s\u00e3o capazes de proteger contra a linhagem XEC. \u201cA expectativa \u00e9 que sim. Como ela \u00e9 derivada da variante JN.1, as vacinas que n\u00f3s temos devem, sim, conferir uma prote\u00e7\u00e3o tamb\u00e9m contra esta variante\u201d, esclarece.<\/p>\n<p>Segundo a virologista da Fiocruz Paola Resende, apesar de ter maior capacidade de transmiss\u00e3o, \u201cisso n\u00e3o significa que \u00e9 uma variante grave e tamb\u00e9m n\u00e3o significa que \u00e9 uma variante que escapa da resposta imune\u201d.<\/p>\n<p>A OMS possui um grupo consultivo t\u00e9cnico para tratar sobre a imuniza\u00e7\u00e3o contra o coronav\u00edrus, que se re\u00fane duas vezes por ano. No \u00faltimo m\u00eas de abril, o grupo recomendou uma reformula\u00e7\u00e3o das vacinas com base na linhagem JN.1. A pr\u00f3xima reuni\u00e3o deve acontecer em dezembro.<\/p>\n<h2>Monitoramento<\/h2>\n<p>Apesar do alto potencial de transmissibilidade da XEC, o monitoramento da Fiocruz mostra que a linhagem JN.1 ainda predomina entre os casos no Brasil, desde o final do ano passado.\u00a0<\/p>\n<p>A virologista da Fiocruz Paola Resende refor\u00e7a a import\u00e2ncia de manter o monitoramento constante da din\u00e2mica das variantes do coronav\u00edrus.<\/p>\n<p>\u201cA vigil\u00e2ncia gen\u00f4mica \u00e9 uma importante ferramenta para o monitoramento da circula\u00e7\u00e3o e emerg\u00eancia de novas variantes e ela precisa continuar de forma homog\u00eanea no pa\u00eds. O Minist\u00e9rio da Sa\u00fade tem um acordo com notas t\u00e9cnicas, manuais, guias de vigil\u00e2ncia gen\u00f4mica, que tem alguns crit\u00e9rios que elegem algumas amostras positivas para o SARS-CoV-2 para serem sequenciadas dentro da rede nacional de sequenciamento gen\u00f4mico.\u201d<\/p>\n<p>Segundo a especialista, apesar dos esfor\u00e7os, ainda h\u00e1 muitos desafios na coleta de amostras de infectados, \u201cuma vez que os casos, em geral, s\u00e3o brandos e acabam n\u00e3o chegando nos laborat\u00f3rios centrais ou acabam sendo s\u00f3 testados por testes r\u00e1pidos de ant\u00edgeno\u201d.<\/p>\n<p>O Guia de Vigil\u00e2ncia Gen\u00f4mica do SARS-CoV-2 do Minist\u00e9rio da Sa\u00fade est\u00e1 dispon\u00edvel no <a href=\"https:\/\/www.gov.br\/saude\/pt-br\/centrais-de-conteudo\/publicacoes\/svsa\/comunicacao\/guia-de-vigilancia-genomica-do-sars-cov-2-uma-abordagem-epidemiologica-e-laboratorial\/view#:~:text=Este%20Guia%20foi%20produzido%20com,do%20SARS%20%2DCoV%2D2.\" target=\"_blank\" rel=\"noopener\">link<\/a>.<\/p>\n<p><strong><a href=\"https:\/\/brasil61.com\/n\/covid-19-cresce-entre-idosos-nas-regioes-norte-e-nordeste-aponta-infogripe-bras2412803\" target=\"_blank\" rel=\"noopener\">Covid-19 cresce entre idosos nas regi\u00f5es Norte e Nordeste, aponta InfoGripe<\/a><\/strong><\/p>\n<p><strong><a href=\"https:\/\/brasil61.com\/n\/covid-19-infogripe-alerta-para-aumento-dos-casos-graves-entre-criancas-pequenas-bras2412756\" target=\"_blank\" rel=\"noopener\">Covid-19: InfoGripe alerta para aumento dos casos graves entre crian\u00e7as pequenas<\/a><\/strong><\/p>\n<p>\t\t\t\t\t\t\t\t\t<img loading=\"lazy\" decoding=\"async\" src=\"https:\/\/brasil61.com\/api\/v1\/serve_pixel\/17677\/78064\" alt=\"Pixel Brasil 61\" class=\"b61_pixel\" width=\"0\" height=\"0\"><\/p>\n<input type=\"hidden\" id=\"baseurl\" value=\"https:\/\/noticiasdestaque.com.br\"><input type=\"hidden\" id=\"audio_nonce\" value=\"6f73a554f1\">","protected":false},"excerpt":{"rendered":"<p>Segundo virologista da Fiocruz, a XEC n\u00e3o \u00e9 uma variante grave e tem resposta imune com as atuais vacinas<\/p>\n","protected":false},"author":1,"featured_media":39347,"comment_status":"open","ping_status":"open","sticky":false,"template":"","format":"standard","meta":{"fifu_image_url":"","fifu_image_alt":"","footnotes":""},"categories":[51],"tags":[],"class_list":["post-39346","post","type-post","status-publish","format-standard","has-post-thumbnail","hentry","category-saude"],"distributor_meta":false,"distributor_terms":false,"distributor_media":false,"distributor_original_site_name":"Noticias em Destaque","distributor_original_site_url":"https:\/\/noticiasdestaque.com.br","push-errors":false,"_links":{"self":[{"href":"https:\/\/noticiasdestaque.com.br\/index.php\/wp-json\/wp\/v2\/posts\/39346","targetHints":{"allow":["GET"]}}],"collection":[{"href":"https:\/\/noticiasdestaque.com.br\/index.php\/wp-json\/wp\/v2\/posts"}],"about":[{"href":"https:\/\/noticiasdestaque.com.br\/index.php\/wp-json\/wp\/v2\/types\/post"}],"author":[{"embeddable":true,"href":"https:\/\/noticiasdestaque.com.br\/index.php\/wp-json\/wp\/v2\/users\/1"}],"replies":[{"embeddable":true,"href":"https:\/\/noticiasdestaque.com.br\/index.php\/wp-json\/wp\/v2\/comments?post=39346"}],"version-history":[{"count":0,"href":"https:\/\/noticiasdestaque.com.br\/index.php\/wp-json\/wp\/v2\/posts\/39346\/revisions"}],"wp:featuredmedia":[{"embeddable":true,"href":"https:\/\/noticiasdestaque.com.br\/index.php\/wp-json\/wp\/v2\/media\/39347"}],"wp:attachment":[{"href":"https:\/\/noticiasdestaque.com.br\/index.php\/wp-json\/wp\/v2\/media?parent=39346"}],"wp:term":[{"taxonomy":"category","embeddable":true,"href":"https:\/\/noticiasdestaque.com.br\/index.php\/wp-json\/wp\/v2\/categories?post=39346"},{"taxonomy":"post_tag","embeddable":true,"href":"https:\/\/noticiasdestaque.com.br\/index.php\/wp-json\/wp\/v2\/tags?post=39346"}],"curies":[{"name":"wp","href":"https:\/\/api.w.org\/{rel}","templated":true}]}}