{"id":39342,"date":"2024-10-12T04:02:00","date_gmt":"2024-10-12T07:02:00","guid":{"rendered":"https:\/\/noticiasdestaque.com.br\/index.php\/2024\/10\/12\/covid-19-cresce-entre-idosos-nas-regioes-norte-e-nordeste-aponta-infogripe\/"},"modified":"2024-10-12T04:02:00","modified_gmt":"2024-10-12T07:02:00","slug":"covid-19-cresce-entre-idosos-nas-regioes-norte-e-nordeste-aponta-infogripe","status":"publish","type":"post","link":"https:\/\/noticiasdestaque.com.br\/index.php\/2024\/10\/12\/covid-19-cresce-entre-idosos-nas-regioes-norte-e-nordeste-aponta-infogripe\/","title":{"rendered":"Covid-19 cresce entre idosos nas regi\u00f5es Norte e Nordeste, aponta InfoGripe"},"content":{"rendered":"<p>\t\t\t\t\t\t\t\t\t\t<audio controls class=\"b61_audio_player\" data-noticia=\"77955\" src=\"https:\/\/brasil61.com\/rails\/active_storage\/blobs\/eyJfcmFpbHMiOnsibWVzc2FnZSI6IkJBaHBBMEVKQXc9PSIsImV4cCI6bnVsbCwicHVyIjoiYmxvYl9pZCJ9fQ==--49cc1cec1d3fee1c06e7d6e1649b81b93f982aef\/BRAS2412803A\"><\/audio><\/p>\n<p>O \u00faltimo Boletim Infogripe da Funda\u00e7\u00e3o Oswaldo Cruz (Fiocruz) mostra uma tend\u00eancia de interrup\u00e7\u00e3o do crescimento e at\u00e9 diminui\u00e7\u00e3o dos casos de S\u00edndrome Respirat\u00f3ria Aguda Grave (SRAG) por Covid-19 em estados da regi\u00e3o Centro-Sul do pa\u00eds. Apenas Minas Gerais e Pernambuco ainda apresentam sinais de aumento.\u00a0<\/p>\n<p>No entanto, o estudo revela um crescimento de SRAG entre os idosos em alguns estados das regi\u00f5es Norte e Nordeste, como Acre, Par\u00e1 e Pernambuco. Segundo a pesquisadora da Fiocruz, Tatiana Portella, os dados laboratoriais ainda n\u00e3o permitem dizer qual \u00e9 o v\u00edrus respons\u00e1vel por esse crescimento, mas \u00e9 prov\u00e1vel que esteja associado \u00e0 Covid-19.<\/p>\n<p>Mesmo diante do cen\u00e1rio de interrup\u00e7\u00e3o do crescimento dos casos, a pesquisadora da Fiocruz recomenda estar com a vacina\u00e7\u00e3o em dia.<\/p>\n<p>\u201cA gente refor\u00e7a a import\u00e2ncia da vacina\u00e7\u00e3o contra a Covid-19, especialmente para as pessoas dos grupos de risco, como idosos, crian\u00e7as e pessoas com comorbidade. E eu gostaria de refor\u00e7ar a import\u00e2ncia da vacina\u00e7\u00e3o em crian\u00e7as pequenas, j\u00e1 que esse \u00e9 um dos grupos, junto com os idosos, que possuem uma das maiores incid\u00eancias de interna\u00e7\u00f5es pelo v\u00edrus. Ent\u00e3o \u00e9 muito importante que os pais levem seus filhos para se vacinar contra a Covid-19.\u201d<\/p>\n<p>Nas \u00faltimas quatro semanas epidemiol\u00f3gicas, 30% dos casos positivos de SRAG estavam associados \u00e0 Covid-19. Entre os \u00f3bitos, o \u00edndice foi de 63%.<\/p>\n<p>Em rela\u00e7\u00e3o ao rinov\u00edrus, que atinge principalmente crian\u00e7as e adolescentes de at\u00e9 14 anos, o Infogripe revela uma diminui\u00e7\u00e3o dos casos graves. O resultado \u00e9 positivo em quase todos os estados do pa\u00eds, com exce\u00e7\u00e3o de Santa Catarina e Pernambuco, onde h\u00e1 aumento dos casos graves de SRAG por rinov\u00edrus.<\/p>\n<h2>Estados e capitais<\/h2>\n<p>Mato Grosso do Sul, Paran\u00e1, Rio de Janeiro e S\u00e3o Paulo continuam mantendo os sinais de queda dos casos de SRAG por Covid-19, enquanto Goi\u00e1s, Minas Gerais e Distrito Federal t\u00eam interrup\u00e7\u00e3o do crescimento.\u00a0<\/p>\n<p>Entre as capitais, dez apresentaram ind\u00edcios de aumento dos casos de SRAG: Boa Vista (RR), Belo Horizonte (MG), Florian\u00f3polis (SC), Fortaleza (CE), Macap\u00e1 (AP), Manaus (AM), Natal (RN), Recife (PE), Rio Branco (AC), Vit\u00f3ria (ES).\u00a0<\/p>\n<h2>Doen\u00e7as respirat\u00f3rias<\/h2>\n<p>A an\u00e1lise do Boletim InfoGripe, referente \u00e0 Semana Epidemiol\u00f3gica 40, tem como base os dados inseridos no Sistema de Informa\u00e7\u00e3o da Vigil\u00e2ncia Epidemiol\u00f3gica da Gripe, entre 29 de setembro e 5 de outubro, e apresenta informa\u00e7\u00f5es sobre os v\u00edrus respirat\u00f3rios, como VSR, rinov\u00edrus, influenza e Covid-19.\u00a0<\/p>\n<p><u><strong>VSR: V\u00edrus Sincicial Respirat\u00f3rio<\/strong><\/u><\/p>\n<p>Este v\u00edrus atinge, principalmente, crian\u00e7as pequenas \u2014 de at\u00e9 dois anos \u2014 ou idosos acima de 65 anos. Geralmente \u00e9 o respons\u00e1vel pelos casos de bronquiolite em crian\u00e7as pequenas.\u00a0<\/p>\n<p>Segundo a pesquisadora da Fiocruz Tatiana Portella, \u201cos sintomas s\u00e3o parecidos com os da gripe: dor de garganta, calafrios, coriza, tosse. Mas \u00e9 preciso prestar aten\u00e7\u00e3o nos sintomas das crian\u00e7as pequenas. Verificar se elas est\u00e3o com dificuldade de respirar, com os l\u00e1bios arroxeados \u2014 isso pode ser um indicativo que ela est\u00e1 evoluindo para uma forma mais grave da doen\u00e7a. Nesses casos, \u00e9 preciso procurar atendimento m\u00e9dico r\u00e1pido\u201d.<\/p>\n<p><u><strong>Influenza A ou H1N1<\/strong><\/u><\/p>\n<p>Trata-se do v\u00edrus da gripe. Com alta circula\u00e7\u00e3o pelo pa\u00eds, sobretudo este ano, a Influenza A tamb\u00e9m \u00e9 conhecida como H1N1 \u2014 anteriormente chamada de gripe su\u00edna.<br \/>\n\u201cGeralmente ele pode dar uma febre mais repentina, mas tem os sintomas muito parecidos com outros v\u00edrus respirat\u00f3rios, como tosse coriza, calafrios. Ele atinge todas as faixas et\u00e1rias, mas assim como os outros v\u00edrus, evolui de forma mais grave nos idosos, crian\u00e7as pequenas e pessoas com comorbidades\u201d, explica Portella.<\/p>\n<p><u><strong>Rinov\u00edrus<\/strong><\/u><\/p>\n<p>Assim como o VSR, atinge crian\u00e7as pequenas e pode evoluir para casos de bronquite. Mas \u00e9 uma doen\u00e7a autolimitada \u201cque vai se curar sozinha entre 7 e 14 dias\u201d, explica a pesquisadora.\u00a0<\/p>\n<p>\u201cMas ele pode evoluir para as formas mais graves em crian\u00e7as pequenas que tenham hist\u00f3rico de asma, doen\u00e7a cr\u00f4nica no pulm\u00e3o, imunossuprimidos.\u201d Tatiana ainda explica que o rinov\u00edrus pode ter uma comportamento sazonal \u2014 como Influenza e VSR \u2014 e neste momento a Fiocruz observa uma incid\u00eancia alta desse v\u00edrus em crian\u00e7as pequenas e adolescentes.\u00a0<\/p>\n<p><u><strong>Covid-19<\/strong><\/u><\/p>\n<p>O velho conhecido \u2014 respons\u00e1vel pela pandemia entre 2020 e 2021 \u2014 ainda causa muitos casos de SRAGs. Isso porque ao longo do tempo ele vem sofrendo muta\u00e7\u00f5es e evoluiu rapidamente. As novas variantes mostram que ainda trata-se do v\u00edrus da covid, mas com um poder de infec\u00e7\u00e3o maior.<\/p>\n<p>Por isso a vacina\u00e7\u00e3o anual \u00e9 importante para prevenir os casos mais graves da doen\u00e7a, alerta Tatiana Portella.<\/p>\n<p>\u201cA vacina da covid-19 \u00e9 atualizada para as novas variantes e apesar de termos esse v\u00edrus circulando h\u00e1 alguns anos, \u00e9 importante que as pessoas atualizem a vacina. Porque a vacina que as pessoas tomaram no ano passado n\u00e3o confere a mesma prote\u00e7\u00e3o do que a vacina que est\u00e1 dispon\u00edvel este ano.\u201d\u00a0<\/p>\n<p>Confira outros detalhes no <a href=\"https:\/\/agencia.fiocruz.br\/infogripe-covid-19-aumenta-entre-idosos-nas-regioes-norte-e-nordeste\" target=\"_blank\" rel=\"noopener\">link<\/a>.<\/p>\n<p><strong><a href=\"https:\/\/brasil61.com\/n\/dr-ajuda-quando-tomar-polivitaminicos-blog240618\" target=\"_blank\" rel=\"noopener\">Dr. Ajuda: quando tomar polivitam\u00ednicos?<\/a><\/strong><\/p>\n<p><strong><a href=\"https:\/\/brasil61.com\/n\/covid-19-infogripe-alerta-para-aumento-dos-casos-graves-entre-criancas-pequenas-bras2412756\" target=\"_blank\" rel=\"noopener\">Covid-19: InfoGripe alerta para aumento dos casos graves entre crian\u00e7as pequenas<\/a><\/strong><\/p>\n<p>\t\t\t\t\t\t\t\t\t<img loading=\"lazy\" decoding=\"async\" src=\"https:\/\/brasil61.com\/api\/v1\/serve_pixel\/17677\/77955\" alt=\"Pixel Brasil 61\" class=\"b61_pixel\" width=\"0\" height=\"0\"><\/p>\n<input type=\"hidden\" id=\"baseurl\" value=\"https:\/\/noticiasdestaque.com.br\"><input type=\"hidden\" id=\"audio_nonce\" value=\"6f73a554f1\">","protected":false},"excerpt":{"rendered":"<p>Apesar da tend\u00eancia de interrup\u00e7\u00e3o do crescimento dos casos na regi\u00e3o Centro-Sul, o InfoGripe mostra um aumento de doen\u00e7as respirat\u00f3rias associadas \u00e0 Covid-19 entre os idosos no Acre, Par\u00e1 e Pernambuco<\/p>\n","protected":false},"author":1,"featured_media":39343,"comment_status":"open","ping_status":"open","sticky":false,"template":"","format":"standard","meta":{"fifu_image_url":"","fifu_image_alt":"","footnotes":""},"categories":[51],"tags":[],"class_list":["post-39342","post","type-post","status-publish","format-standard","has-post-thumbnail","hentry","category-saude"],"distributor_meta":false,"distributor_terms":false,"distributor_media":false,"distributor_original_site_name":"Noticias em Destaque","distributor_original_site_url":"https:\/\/noticiasdestaque.com.br","push-errors":false,"_links":{"self":[{"href":"https:\/\/noticiasdestaque.com.br\/index.php\/wp-json\/wp\/v2\/posts\/39342","targetHints":{"allow":["GET"]}}],"collection":[{"href":"https:\/\/noticiasdestaque.com.br\/index.php\/wp-json\/wp\/v2\/posts"}],"about":[{"href":"https:\/\/noticiasdestaque.com.br\/index.php\/wp-json\/wp\/v2\/types\/post"}],"author":[{"embeddable":true,"href":"https:\/\/noticiasdestaque.com.br\/index.php\/wp-json\/wp\/v2\/users\/1"}],"replies":[{"embeddable":true,"href":"https:\/\/noticiasdestaque.com.br\/index.php\/wp-json\/wp\/v2\/comments?post=39342"}],"version-history":[{"count":0,"href":"https:\/\/noticiasdestaque.com.br\/index.php\/wp-json\/wp\/v2\/posts\/39342\/revisions"}],"wp:featuredmedia":[{"embeddable":true,"href":"https:\/\/noticiasdestaque.com.br\/index.php\/wp-json\/wp\/v2\/media\/39343"}],"wp:attachment":[{"href":"https:\/\/noticiasdestaque.com.br\/index.php\/wp-json\/wp\/v2\/media?parent=39342"}],"wp:term":[{"taxonomy":"category","embeddable":true,"href":"https:\/\/noticiasdestaque.com.br\/index.php\/wp-json\/wp\/v2\/categories?post=39342"},{"taxonomy":"post_tag","embeddable":true,"href":"https:\/\/noticiasdestaque.com.br\/index.php\/wp-json\/wp\/v2\/tags?post=39342"}],"curies":[{"name":"wp","href":"https:\/\/api.w.org\/{rel}","templated":true}]}}