{"id":39338,"date":"2024-10-06T04:02:00","date_gmt":"2024-10-06T07:02:00","guid":{"rendered":"https:\/\/noticiasdestaque.com.br\/index.php\/2024\/10\/06\/covid-19-infogripe-alerta-para-aumento-dos-casos-graves-entre-criancas-pequenas\/"},"modified":"2024-10-06T04:02:00","modified_gmt":"2024-10-06T07:02:00","slug":"covid-19-infogripe-alerta-para-aumento-dos-casos-graves-entre-criancas-pequenas","status":"publish","type":"post","link":"https:\/\/noticiasdestaque.com.br\/index.php\/2024\/10\/06\/covid-19-infogripe-alerta-para-aumento-dos-casos-graves-entre-criancas-pequenas\/","title":{"rendered":"Covid-19: InfoGripe alerta para aumento dos casos graves entre crian\u00e7as pequenas"},"content":{"rendered":"<p>\t\t\t\t\t\t\t\t\t\t<audio controls class=\"b61_audio_player\" data-noticia=\"77814\" src=\"https:\/\/brasil61.com\/rails\/active_storage\/blobs\/eyJfcmFpbHMiOnsibWVzc2FnZSI6IkJBaHBBeGNJQXc9PSIsImV4cCI6bnVsbCwicHVyIjoiYmxvYl9pZCJ9fQ==--ff2069eee1c64a7e07d490842ef50947a952d967\/BRAS2412756A\"><\/audio><\/p>\n<p>O mais recente Boletim Infogripe da Funda\u00e7\u00e3o Oswaldo Cruz (Fiocruz) chama aten\u00e7\u00e3o para o aumento dos casos graves de Covid-19 em Minas Gerais, Goi\u00e1s e Distrito Federal, principalmente entre crian\u00e7as de at\u00e9 2 anos.\u00a0<\/p>\n<p>Segundo a pesquisadora da Fiocruz, Tatiana Portella, as autoridades de sa\u00fade t\u00eam observado uma baixa cobertura vacinal contra o coronav\u00edrus nessa faixa et\u00e1ria.\u00a0<\/p>\n<p>\u201c\u00c9 muito importante que os pais levem seus filhos para se vacinarem contra Covid-19 nos postos de sa\u00fade. Al\u00e9m disso, a vacina tamb\u00e9m \u00e9 recomendada para outros grupos, como idosos, pessoas com comorbidade, gr\u00e1vidas, pu\u00e9rperas e profissionais da sa\u00fade. Ent\u00e3o \u00e9 muito importante que todas as pessoas desses grupos estejam em dia com a vacina\u00e7\u00e3o contra Covid-19.\u201d<\/p>\n<p>Segundo o Infogripe, tamb\u00e9m houve um aumento dos casos de S\u00edndrome Respirat\u00f3ria Aguda Grave (SRAG) entre os idosos em alguns estados do Nordeste, Norte e Sul do pa\u00eds, mas os dados laboratoriais ainda n\u00e3o permitem associar o v\u00edrus respons\u00e1vel por esse crescimento. Para a pesquisadora da Fiocruz, Tatiana Portella, \u00e9 prov\u00e1vel que esse crescimento de SRAG entre os idosos tamb\u00e9m esteja associado \u00e0 Covid-19.<\/p>\n<p>\u201cLevando em considera\u00e7\u00e3o o cen\u00e1rio epidemiol\u00f3gico do pa\u00eds e a faixa et\u00e1ria mais afetada, que s\u00e3o os idosos, muito provavelmente a Covid-19 tem sido respons\u00e1vel por esse aumento do n\u00famero de casos nesses estados.\u201d<\/p>\n<p>Apesar do avan\u00e7o da Covid-19 em alguns estados, outras localidades apresentaram sinais de interrup\u00e7\u00e3o do crescimento ou in\u00edcio de queda, como Mato Grosso do Sul, Paran\u00e1, Rio de Janeiro e S\u00e3o Paulo.\u00a0<\/p>\n<p>J\u00e1 em rela\u00e7\u00e3o aos casos de SRAG associados ao rinov\u00edrus, que atingem principalmente crian\u00e7as e adolescentes de at\u00e9 14 anos, o Infogripe continua revelando queda em boa parte do pa\u00eds, com exce\u00e7\u00e3o de alguns estados do Nordeste e do Sul do pa\u00eds.<\/p>\n<h2>Estados e capitais<\/h2>\n<p>Na tend\u00eancia de longo prazo, sete unidades federativas apresentam ind\u00edcios de crescimento da s\u00edndrome respirat\u00f3ria: Cear\u00e1, Goi\u00e1s, Minas Gerais, Par\u00e1, Pernambuco, Santa Catarina e Tocantins.<\/p>\n<p>Entre as capitais, os ind\u00edcios de aumento dos casos foram observados em Bel\u00e9m (PA), Boa Vista (RR), Belo Horizonte (MG), Curitiba (PR), Florian\u00f3polis (SC), Fortaleza (CE), Goi\u00e2nia (GO), Macap\u00e1 (AP), Macei\u00f3 (AL), Porto Alegre (RS) e Recife (PE).\u00a0<\/p>\n<p>Nas \u00faltimas quatro semanas epidemiol\u00f3gicas, 14,2% dos casos positivos de SRAG estavam associados \u00e0 influenza A; 6,2% \u00e0 influenza B; 6,4% ao v\u00edrus sincicial respirat\u00f3rio (VSR), 30,5% ao rinov\u00edrus, e 32,3% \u00e0 Covid-19. Entre os \u00f3bitos, 20,4% estavam associados \u00e0 influenza A, 4,8% \u00e0 influenza B, 1,1% ao VSR, 5,6% ao rinov\u00edrus e 63,3% \u00e0 Covid-19.<\/p>\n<h2>Doen\u00e7as respirat\u00f3rias<\/h2>\n<p>A an\u00e1lise do Boletim InfoGripe, referente \u00e0 Semana Epidemiol\u00f3gica 39, tem como base os dados inseridos no Sistema de Informa\u00e7\u00e3o da Vigil\u00e2ncia Epidemiol\u00f3gica da Gripe, entre 22 e 28 de setembro, e apresenta informa\u00e7\u00f5es sobre os v\u00edrus respirat\u00f3rios, como VSR, rinov\u00edrus, influenza e Covid-19.\u00a0<\/p>\n<p><u><strong>VSR: V\u00edrus Sincicial Respirat\u00f3rio<\/strong><\/u><\/p>\n<p>Este v\u00edrus atinge, principalmente, crian\u00e7as pequenas \u2014 de at\u00e9 dois anos \u2014 ou idosos acima de 65 anos. Geralmente \u00e9 o respons\u00e1vel pelos casos de bronquiolite em crian\u00e7as pequenas.\u00a0<\/p>\n<p>Segundo a pesquisadora da Fiocruz Tatiana Portella, \u201cos sintomas s\u00e3o parecidos com os da gripe: dor de garganta, calafrios, coriza, tosse. Mas \u00e9 preciso prestar aten\u00e7\u00e3o nos sintomas das crian\u00e7as pequenas. Verificar se elas est\u00e3o com dificuldade de respirar, com os l\u00e1bios arroxeados \u2014 isso pode ser um indicativo que ela est\u00e1 evoluindo para uma forma mais grave da doen\u00e7a. Nesses casos, \u00e9 preciso procurar atendimento m\u00e9dico r\u00e1pido\u201d.<\/p>\n<p><u><strong>Influenza A ou H1N1<\/strong><\/u><\/p>\n<p>Trata-se do v\u00edrus da gripe. Com alta circula\u00e7\u00e3o pelo pa\u00eds, sobretudo este ano, a Influenza A tamb\u00e9m \u00e9 conhecida como H1N1 \u2014 anteriormente chamada de gripe su\u00edna.<br \/>\n\u201cGeralment,e ele pode dar uma febre mais repentina, mas tem os sintomas muito parecidos com outros v\u00edrus respirat\u00f3rios, como tosse coriza, calafrios. Ele atinge todas as faixas et\u00e1rias, mas assim como os outros v\u00edrus, evolui de forma mais grave nos idosos, crian\u00e7as pequenas e pessoas com comorbidades\u201d, explica Portella.<\/p>\n<p><u><strong>Rinov\u00edrus<\/strong><\/u>\u00a0<\/p>\n<p>Assim como o VSR, atinge crian\u00e7as pequenas e pode evoluir para casos de bronquite. Mas \u00e9 uma doen\u00e7a autolimitada \u201cque vai se curar sozinha entre 7 e 14 dias\u201d, explica a pesquisadora.\u00a0<\/p>\n<p>\u201cMas ele pode evoluir para as formas mais graves em crian\u00e7as pequenas que tenham hist\u00f3rico de asma, doen\u00e7a cr\u00f4nica no pulm\u00e3o, imunossuprimidos.\u201d Tatiana ainda explica que o rinov\u00edrus pode ter uma comportamento sazonal \u2014 como Influenza e VSR \u2014 e neste momento a Fiocruz observa uma incid\u00eancia alta desse v\u00edrus em crian\u00e7as pequenas e adolescentes.\u00a0<\/p>\n<p><u><strong>Covid-19<\/strong><\/u><\/p>\n<p>O velho conhecido \u2014 respons\u00e1vel pela pandemia entre 2020 e 2021 \u2014 ainda causa muitos casos de SRAGs. Isso porque ao longo do tempo ele vem sofrendo muta\u00e7\u00f5es e evoluiu rapidamente. As novas variantes mostram que ainda trata-se do v\u00edrus da covid, mas com um poder de infec\u00e7\u00e3o maior.<\/p>\n<p>Por isso a vacina\u00e7\u00e3o anual \u00e9 importante para prevenir os casos mais graves da doen\u00e7a, alerta Tatiana Portella.<\/p>\n<p>\u201cA vacina da covid-19 \u00e9 atualizada para as novas variantes e, apesar de termos esse v\u00edrus circulando h\u00e1 alguns anos, \u00e9 importante que as pessoas atualizem a vacina. Porque a vacina que as pessoas tomaram no ano passado n\u00e3o confere a mesma prote\u00e7\u00e3o do que a vacina que est\u00e1 dispon\u00edvel este ano.\u201d\u00a0<\/p>\n<p>Confira outros detalhes no <a href=\"https:\/\/portal.fiocruz.br\/noticia\/2024\/10\/infogripe-casos-graves-por-covid-19-atingem-principalmente-criancas-pequenas-e\" target=\"_blank\" rel=\"noopener\">link<\/a>.<\/p>\n<p><strong><a href=\"https:\/\/brasil61.com\/n\/risco-global-bacteria-multirresistente-e-encontrada-em-paciente-brasileira-bras2412749\" target=\"_blank\" rel=\"noopener\">Risco global: bact\u00e9ria multirresistente \u00e9 encontrada em paciente brasileira<\/a><\/strong><\/p>\n<p><strong><a href=\"https:\/\/brasil61.com\/n\/doenca-de-crohn-entenda-condicao-do-jornalista-evaristo-costa-bras2412744\" target=\"_blank\" rel=\"noopener\">Doen\u00e7a de Crohn: entenda condi\u00e7\u00e3o do jornalista Evaristo Costa<\/a><\/strong><\/p>\n<p>\t\t\t\t\t\t\t\t\t<img loading=\"lazy\" decoding=\"async\" src=\"https:\/\/brasil61.com\/api\/v1\/serve_pixel\/17677\/77814\" alt=\"Pixel Brasil 61\" class=\"b61_pixel\" width=\"0\" height=\"0\"><\/p>\n<input type=\"hidden\" id=\"baseurl\" value=\"https:\/\/noticiasdestaque.com.br\"><input type=\"hidden\" id=\"audio_nonce\" value=\"6f73a554f1\">","protected":false},"excerpt":{"rendered":"<p>Autoridades de sa\u00fade t\u00eam observado uma baixa cobertura vacinal contra o coronav\u00edrus em crian\u00e7as de at\u00e9 2 anos<\/p>\n","protected":false},"author":1,"featured_media":39339,"comment_status":"open","ping_status":"open","sticky":false,"template":"","format":"standard","meta":{"fifu_image_url":"","fifu_image_alt":"","footnotes":""},"categories":[51],"tags":[],"class_list":["post-39338","post","type-post","status-publish","format-standard","has-post-thumbnail","hentry","category-saude"],"distributor_meta":false,"distributor_terms":false,"distributor_media":false,"distributor_original_site_name":"Noticias em Destaque","distributor_original_site_url":"https:\/\/noticiasdestaque.com.br","push-errors":false,"_links":{"self":[{"href":"https:\/\/noticiasdestaque.com.br\/index.php\/wp-json\/wp\/v2\/posts\/39338","targetHints":{"allow":["GET"]}}],"collection":[{"href":"https:\/\/noticiasdestaque.com.br\/index.php\/wp-json\/wp\/v2\/posts"}],"about":[{"href":"https:\/\/noticiasdestaque.com.br\/index.php\/wp-json\/wp\/v2\/types\/post"}],"author":[{"embeddable":true,"href":"https:\/\/noticiasdestaque.com.br\/index.php\/wp-json\/wp\/v2\/users\/1"}],"replies":[{"embeddable":true,"href":"https:\/\/noticiasdestaque.com.br\/index.php\/wp-json\/wp\/v2\/comments?post=39338"}],"version-history":[{"count":0,"href":"https:\/\/noticiasdestaque.com.br\/index.php\/wp-json\/wp\/v2\/posts\/39338\/revisions"}],"wp:featuredmedia":[{"embeddable":true,"href":"https:\/\/noticiasdestaque.com.br\/index.php\/wp-json\/wp\/v2\/media\/39339"}],"wp:attachment":[{"href":"https:\/\/noticiasdestaque.com.br\/index.php\/wp-json\/wp\/v2\/media?parent=39338"}],"wp:term":[{"taxonomy":"category","embeddable":true,"href":"https:\/\/noticiasdestaque.com.br\/index.php\/wp-json\/wp\/v2\/categories?post=39338"},{"taxonomy":"post_tag","embeddable":true,"href":"https:\/\/noticiasdestaque.com.br\/index.php\/wp-json\/wp\/v2\/tags?post=39338"}],"curies":[{"name":"wp","href":"https:\/\/api.w.org\/{rel}","templated":true}]}}