{"id":39326,"date":"2024-10-22T18:00:00","date_gmt":"2024-10-22T21:00:00","guid":{"rendered":"https:\/\/noticiasdestaque.com.br\/index.php\/2024\/10\/22\/previsao-do-tempo-sul-tem-predominio-de-chuva-nesta-quarta-23\/"},"modified":"2024-10-22T18:00:00","modified_gmt":"2024-10-22T21:00:00","slug":"previsao-do-tempo-sul-tem-predominio-de-chuva-nesta-quarta-23","status":"publish","type":"post","link":"https:\/\/noticiasdestaque.com.br\/index.php\/2024\/10\/22\/previsao-do-tempo-sul-tem-predominio-de-chuva-nesta-quarta-23\/","title":{"rendered":"PREVIS\u00c3O DO TEMPO: Sul tem predom\u00ednio de chuva nesta quarta (23)"},"content":{"rendered":"<p>\t\t\t\t\t\t\t\t\t\t<audio controls class=\"b61_audio_player\" data-noticia=\"78143\" src=\"https:\/\/brasil61.com\/rails\/active_storage\/blobs\/eyJfcmFpbHMiOnsibWVzc2FnZSI6IkJBaHBBK2NLQXc9PSIsImV4cCI6bnVsbCwicHVyIjoiYmxvYl9pZCJ9fQ==--bd391d7f4842dfed85b73470837db8be47fd5ade\/PTRS243741A\"><\/audio><\/p>\n<p>Regi\u00e3o Sul tem previs\u00e3o de tempo chuvoso com alertas importantes do Instituto de Meteorologia. Para o extremo sul do Rio Grande do Sul tem perigo de tempestades que valem para toda a faixa que vai de Uruguaiana (RS) at\u00e9 Dom Pedrito (RS). Nestes locais pode chover at\u00e9 50mm\/dia, com ventos fortes previstos.\u00a0<\/p>\n<p>Para o litoral catarinense e paranaense, h\u00e1 alerta de chuvas intensas, passando pela capital, Florian\u00f3polis, e Paranagu\u00e1 (PR).\u00a0<\/p>\n<p>Apesar da chuva, a temperatura n\u00e3o cai muito. Em Gramado, na serra ga\u00facha, varia entre 17\u00baC e 31\u00baC. J\u00e1 em Penha (SC) tem m\u00ednima de 21\u00b0C e m\u00e1xima de 27\u00baC.\u00a0<\/p>\n<p>As informa\u00e7\u00f5es s\u00e3o do Inmet<\/p>\n<p>\n\u00a0<\/p>\n<p>\t\t\t\t\t\t\t\t\t<img loading=\"lazy\" decoding=\"async\" src=\"https:\/\/brasil61.com\/api\/v1\/serve_pixel\/17677\/78143\" alt=\"Pixel Brasil 61\" class=\"b61_pixel\" width=\"0\" height=\"0\"><\/p>\n<input type=\"hidden\" id=\"baseurl\" value=\"https:\/\/noticiasdestaque.com.br\"><input type=\"hidden\" id=\"audio_nonce\" value=\"6f73a554f1\">","protected":false},"excerpt":{"rendered":"<p>Maiores volumes s\u00e3o previstos para o interior dos estados. No litoral, o sol aparece entre nuvens <\/p>\n","protected":false},"author":1,"featured_media":39327,"comment_status":"open","ping_status":"open","sticky":false,"template":"","format":"standard","meta":{"fifu_image_url":"","fifu_image_alt":"","footnotes":""},"categories":[58],"tags":[],"class_list":["post-39326","post","type-post","status-publish","format-standard","has-post-thumbnail","hentry","category-cotidiano"],"distributor_meta":false,"distributor_terms":false,"distributor_media":false,"distributor_original_site_name":"Noticias em Destaque","distributor_original_site_url":"https:\/\/noticiasdestaque.com.br","push-errors":false,"_links":{"self":[{"href":"https:\/\/noticiasdestaque.com.br\/index.php\/wp-json\/wp\/v2\/posts\/39326","targetHints":{"allow":["GET"]}}],"collection":[{"href":"https:\/\/noticiasdestaque.com.br\/index.php\/wp-json\/wp\/v2\/posts"}],"about":[{"href":"https:\/\/noticiasdestaque.com.br\/index.php\/wp-json\/wp\/v2\/types\/post"}],"author":[{"embeddable":true,"href":"https:\/\/noticiasdestaque.com.br\/index.php\/wp-json\/wp\/v2\/users\/1"}],"replies":[{"embeddable":true,"href":"https:\/\/noticiasdestaque.com.br\/index.php\/wp-json\/wp\/v2\/comments?post=39326"}],"version-history":[{"count":0,"href":"https:\/\/noticiasdestaque.com.br\/index.php\/wp-json\/wp\/v2\/posts\/39326\/revisions"}],"wp:featuredmedia":[{"embeddable":true,"href":"https:\/\/noticiasdestaque.com.br\/index.php\/wp-json\/wp\/v2\/media\/39327"}],"wp:attachment":[{"href":"https:\/\/noticiasdestaque.com.br\/index.php\/wp-json\/wp\/v2\/media?parent=39326"}],"wp:term":[{"taxonomy":"category","embeddable":true,"href":"https:\/\/noticiasdestaque.com.br\/index.php\/wp-json\/wp\/v2\/categories?post=39326"},{"taxonomy":"post_tag","embeddable":true,"href":"https:\/\/noticiasdestaque.com.br\/index.php\/wp-json\/wp\/v2\/tags?post=39326"}],"curies":[{"name":"wp","href":"https:\/\/api.w.org\/{rel}","templated":true}]}}