{"id":39248,"date":"2024-10-18T18:00:00","date_gmt":"2024-10-18T21:00:00","guid":{"rendered":"https:\/\/noticiasdestaque.com.br\/index.php\/2024\/10\/18\/previsao-do-tempo-sudeste-tem-alerta-de-tempestades-e-chuvas-intensas-neste-sabado-19\/"},"modified":"2024-10-18T18:00:00","modified_gmt":"2024-10-18T21:00:00","slug":"previsao-do-tempo-sudeste-tem-alerta-de-tempestades-e-chuvas-intensas-neste-sabado-19","status":"publish","type":"post","link":"https:\/\/noticiasdestaque.com.br\/index.php\/2024\/10\/18\/previsao-do-tempo-sudeste-tem-alerta-de-tempestades-e-chuvas-intensas-neste-sabado-19\/","title":{"rendered":"PREVIS\u00c3O DO TEMPO: Sudeste tem alerta de tempestades e chuvas intensas neste s\u00e1bado (19)"},"content":{"rendered":"<p>\t\t\t\t\t\t\t\t\t\t<audio controls class=\"b61_audio_player\" data-noticia=\"78095\" src=\"https:\/\/brasil61.com\/rails\/active_storage\/blobs\/eyJfcmFpbHMiOnsibWVzc2FnZSI6IkJBaHBBMzhLQXc9PSIsImV4cCI6bnVsbCwicHVyIjoiYmxvYl9pZCJ9fQ==--6d6d87e43ae4fe843857daaac206c17e08bdc804\/PTSD243856A\"><\/audio><\/p>\n<p>Neste s\u00e1bado (19), tem previs\u00e3o de muitas nuvens com pancadas de chuvas em todos os estados do Sudeste brasileiro ao longo do dia e \u00e0 noite. Inclusive, pode haver trovoadas isoladas em boa parte de Minas Gerais, S\u00e3o Paulo e Rio de Janeiro.<\/p>\n<p>O Instituto Nacional de Meteorologia (Inmet) emitiu um alerta de perigo de tempestades para o Tri\u00e2ngulo Mineiro\/Alto Parana\u00edba, Central Mineira, Zona da Mata, Campo das Vertentes, Vale do Rio Doce, Oeste, Noroeste e Sul\/Sudoeste de Minas, Metropolitana de Belo Horizonte, Presidente Prudente, S\u00e3o Jos\u00e9 do Rio Preto, Campinas, Piracicaba, Ribeir\u00e3o Preto, Ara\u00e7atuba, Mar\u00edlia, Araraquara, Vale do Para\u00edba Paulista, Bauru, Metropolitana de S\u00e3o Paulo, Macro Metropolitana Paulista, Sul Esp\u00edrito-santense, Metropolitana do Rio de Janeiro, Sul, Noroeste, Centro e Norte Fluminenses e Baixadas Litor\u00e2neas.<\/p>\n<p>Tamb\u00e9m tem alerta de chuvas intensas para o Tri\u00e2ngulo Mineiro\/Alto Parana\u00edba, Vale do Mucuri, Jequitinhonha, Zona da Mata, Norte e Noroeste de Minas, Bauru, Ribeir\u00e3o Preto, Itapetininga, Campinas, Piracicaba, Macro Metropolitana Paulista, Litoral Sul e Vale do Para\u00edba Paulista, Metropolitana de S\u00e3o Paulo, Sul Esp\u00edrito-santense, Sul, Noroeste e Centro Fluminenses e Metropolitana do Rio de Janeiro.<\/p>\n<p>Entre as capitais, a temperatura m\u00ednima deve ficar em torno de 16\u00b0C na cidade de S\u00e3o Paulo e a m\u00e1xima pode chegar aos 33\u00b0C em Vit\u00f3ria (ES). A umidade relativa do ar pode variar entre 100% e 50%.<\/p>\n<p>As informa\u00e7\u00f5es s\u00e3o do Instituto Nacional de Meteorologia.<\/p>\n<p>\t\t\t\t\t\t\t\t\t<img loading=\"lazy\" decoding=\"async\" src=\"https:\/\/brasil61.com\/api\/v1\/serve_pixel\/17677\/78095\" alt=\"Pixel Brasil 61\" class=\"b61_pixel\" width=\"0\" height=\"0\"><\/p>\n<input type=\"hidden\" id=\"baseurl\" value=\"https:\/\/noticiasdestaque.com.br\"><input type=\"hidden\" id=\"audio_nonce\" value=\"6f73a554f1\">","protected":false},"excerpt":{"rendered":"<p>A temperatura na Regi\u00e3o Sudeste do pa\u00eds pode variar entre 16\u00b0C e 33\u00b0C<\/p>\n","protected":false},"author":1,"featured_media":39249,"comment_status":"open","ping_status":"open","sticky":false,"template":"","format":"standard","meta":{"fifu_image_url":"","fifu_image_alt":"","footnotes":""},"categories":[58],"tags":[],"class_list":["post-39248","post","type-post","status-publish","format-standard","has-post-thumbnail","hentry","category-cotidiano"],"distributor_meta":false,"distributor_terms":false,"distributor_media":false,"distributor_original_site_name":"Noticias em Destaque","distributor_original_site_url":"https:\/\/noticiasdestaque.com.br","push-errors":false,"_links":{"self":[{"href":"https:\/\/noticiasdestaque.com.br\/index.php\/wp-json\/wp\/v2\/posts\/39248","targetHints":{"allow":["GET"]}}],"collection":[{"href":"https:\/\/noticiasdestaque.com.br\/index.php\/wp-json\/wp\/v2\/posts"}],"about":[{"href":"https:\/\/noticiasdestaque.com.br\/index.php\/wp-json\/wp\/v2\/types\/post"}],"author":[{"embeddable":true,"href":"https:\/\/noticiasdestaque.com.br\/index.php\/wp-json\/wp\/v2\/users\/1"}],"replies":[{"embeddable":true,"href":"https:\/\/noticiasdestaque.com.br\/index.php\/wp-json\/wp\/v2\/comments?post=39248"}],"version-history":[{"count":0,"href":"https:\/\/noticiasdestaque.com.br\/index.php\/wp-json\/wp\/v2\/posts\/39248\/revisions"}],"wp:featuredmedia":[{"embeddable":true,"href":"https:\/\/noticiasdestaque.com.br\/index.php\/wp-json\/wp\/v2\/media\/39249"}],"wp:attachment":[{"href":"https:\/\/noticiasdestaque.com.br\/index.php\/wp-json\/wp\/v2\/media?parent=39248"}],"wp:term":[{"taxonomy":"category","embeddable":true,"href":"https:\/\/noticiasdestaque.com.br\/index.php\/wp-json\/wp\/v2\/categories?post=39248"},{"taxonomy":"post_tag","embeddable":true,"href":"https:\/\/noticiasdestaque.com.br\/index.php\/wp-json\/wp\/v2\/tags?post=39248"}],"curies":[{"name":"wp","href":"https:\/\/api.w.org\/{rel}","templated":true}]}}