{"id":39234,"date":"2024-10-17T19:00:00","date_gmt":"2024-10-17T22:00:00","guid":{"rendered":"https:\/\/noticiasdestaque.com.br\/index.php\/2024\/10\/17\/produtividade-na-industria-mantem-estabilidade-no-2o-semestre\/"},"modified":"2024-10-17T19:00:00","modified_gmt":"2024-10-17T22:00:00","slug":"produtividade-na-industria-mantem-estabilidade-no-2o-semestre","status":"publish","type":"post","link":"https:\/\/noticiasdestaque.com.br\/index.php\/2024\/10\/17\/produtividade-na-industria-mantem-estabilidade-no-2o-semestre\/","title":{"rendered":"Produtividade na ind\u00fastria mant\u00e9m estabilidade no 2\u00ba semestre"},"content":{"rendered":"<p>\t\t\t\t\t\t\t\t\t\t<audio controls class=\"b61_audio_player\" data-noticia=\"78062\" src=\"https:\/\/brasil61.com\/rails\/active_storage\/blobs\/eyJfcmFpbHMiOnsibWVzc2FnZSI6IkJBaHBBemdLQXc9PSIsImV4cCI6bnVsbCwicHVyIjoiYmxvYl9pZCJ9fQ==--758cc44ee765d5557b9cdb7db34f535f13914248\/BRAS2412842A\"><\/audio><\/p>\n<p>Um indicador importante da ind\u00fastria \u2014 o que mede a produtividade das horas trabalhadas \u2014 manteve quase estabilidade no segundo trimestre deste ano, variando negativamente 0,3% em rela\u00e7\u00e3o ao primeiro trimestre. Os dados divulgados pela pesquisa Produtividade na Ind\u00fastria, da Confedera\u00e7\u00e3o Nacional da Ind\u00fastria, indicam que foi parecido o crescimento das vari\u00e1veis que comp\u00f5em o \u00edndice: enquanto a produ\u00e7\u00e3o aumentou 0,9%, as horas trabalhadas cresceram 1,3% no per\u00edodo.\u00a0<\/p>\n<p>Apesar da leve queda registrada, a gerente de Pol\u00edtica Industrial da Confedera\u00e7\u00e3o Nacional da Ind\u00fastria (CNI), Samantha Cunha, mant\u00e9m expectativa quanto ao crescimento.<\/p>\n<p>\u201cQuando a gente olha o primeiro trimestre do ano, esse indicador tinha apresentado uma queda de 1,4%, interrompendo uma tend\u00eancia de alta que a gente observava h\u00e1 alguns trimestres, e quando a gente olha para a varia\u00e7\u00e3o da produ\u00e7\u00e3o e das horas trabalhadas, a gente tem as horas trabalhadas crescendo a ritmo menor enquanto a produ\u00e7\u00e3o segue num ritmo alto. Ent\u00e3o a gente espera que essa produtividade mantenha seu ritmo de crescimento.\u201d\u00a0<\/p>\n<h2>Demanda interna e novas contrata\u00e7\u00f5es<\/h2>\n<p>H\u00e1 tr\u00eas trimestres a demanda interna por bens manufaturados mant\u00e9m a \u00a0tend\u00eancia de alta, isso \u00e9 um indicativo de que a ind\u00fastria nacional deve seguir crescendo, avalia a gerente da CNI.<\/p>\n<p>\u201cUm mercado de trabalho que est\u00e1 aquecido, trabalhadores sendo contratados, as horas trabalhadas devem continuar se acomodando, quando a gente tem a demanda por bens manufaturados crescendo, sendo atendida parte por importa\u00e7\u00f5es, ent\u00e3o \u00e9 um cen\u00e1rio que favorece o aumento da produ\u00e7\u00e3o.\u201d\u00a0<\/p>\n<p>Outro resultado positivo vem com o aumento de 0,4% no n\u00famero de trabalhadores neste segundo trimestre \u2014 \u00e9 o melhor resultado do indicador nos \u00faltimos dois anos.\u00a0<\/p>\n<h2>Medidas que devem ajudar no crescimento<\/h2>\n<p>Outros avan\u00e7os, na avalia\u00e7\u00e3o da gerente da CNI, devem reduzir o Custo Brasil e melhorar o ambiente de neg\u00f3cios, gra\u00e7as a pol\u00edticas de governo para fazer avan\u00e7ar a ind\u00fastria nacional:<\/p>\n<p>\u201cA Lei de Deprecia\u00e7\u00e3o Acelerada, que permite a moderniza\u00e7\u00e3o do parque fabril brasileiro, e ela foi recentemente regulamentada. Al\u00e9m disso, a gente tem o plano Mais Produ\u00e7\u00e3o, que centraliza os recursos da Nova Ind\u00fastria Brasil, que \u00e9 a nova pol\u00edtica industrial brasileira. Tem ali o eixo Ind\u00fastria Mais Inovadora e Produtiva, que tamb\u00e9m contribui para as empresas fazerem investimentos em inova\u00e7\u00e3o.\u201d\u00a0<\/p>\n<p>A publica\u00e7\u00e3o Produtividade na Ind\u00fastria acompanha a evolu\u00e7\u00e3o da competitividade da ind\u00fastria brasileira em rela\u00e7\u00e3o aos principais parceiros comerciais, com foco no indicador de produtividade do trabalho \u2014 considerado determinante da competitividade.<\/p>\n<p>\t\t\t\t\t\t\t\t\t<img loading=\"lazy\" decoding=\"async\" src=\"https:\/\/brasil61.com\/api\/v1\/serve_pixel\/17677\/78062\" alt=\"Pixel Brasil 61\" class=\"b61_pixel\" width=\"0\" height=\"0\"><\/p>\n<input type=\"hidden\" id=\"baseurl\" value=\"https:\/\/noticiasdestaque.com.br\"><input type=\"hidden\" id=\"audio_nonce\" value=\"6f73a554f1\">","protected":false},"excerpt":{"rendered":"<p>Indicador \u00e9 medido por meio do volume produzido e das horas trabalhadas <\/p>\n","protected":false},"author":1,"featured_media":39235,"comment_status":"open","ping_status":"open","sticky":false,"template":"","format":"standard","meta":{"fifu_image_url":"","fifu_image_alt":"","footnotes":""},"categories":[59],"tags":[],"class_list":["post-39234","post","type-post","status-publish","format-standard","has-post-thumbnail","hentry","category-economia"],"distributor_meta":false,"distributor_terms":false,"distributor_media":false,"distributor_original_site_name":"Noticias em Destaque","distributor_original_site_url":"https:\/\/noticiasdestaque.com.br","push-errors":false,"_links":{"self":[{"href":"https:\/\/noticiasdestaque.com.br\/index.php\/wp-json\/wp\/v2\/posts\/39234","targetHints":{"allow":["GET"]}}],"collection":[{"href":"https:\/\/noticiasdestaque.com.br\/index.php\/wp-json\/wp\/v2\/posts"}],"about":[{"href":"https:\/\/noticiasdestaque.com.br\/index.php\/wp-json\/wp\/v2\/types\/post"}],"author":[{"embeddable":true,"href":"https:\/\/noticiasdestaque.com.br\/index.php\/wp-json\/wp\/v2\/users\/1"}],"replies":[{"embeddable":true,"href":"https:\/\/noticiasdestaque.com.br\/index.php\/wp-json\/wp\/v2\/comments?post=39234"}],"version-history":[{"count":0,"href":"https:\/\/noticiasdestaque.com.br\/index.php\/wp-json\/wp\/v2\/posts\/39234\/revisions"}],"wp:featuredmedia":[{"embeddable":true,"href":"https:\/\/noticiasdestaque.com.br\/index.php\/wp-json\/wp\/v2\/media\/39235"}],"wp:attachment":[{"href":"https:\/\/noticiasdestaque.com.br\/index.php\/wp-json\/wp\/v2\/media?parent=39234"}],"wp:term":[{"taxonomy":"category","embeddable":true,"href":"https:\/\/noticiasdestaque.com.br\/index.php\/wp-json\/wp\/v2\/categories?post=39234"},{"taxonomy":"post_tag","embeddable":true,"href":"https:\/\/noticiasdestaque.com.br\/index.php\/wp-json\/wp\/v2\/tags?post=39234"}],"curies":[{"name":"wp","href":"https:\/\/api.w.org\/{rel}","templated":true}]}}