{"id":39174,"date":"2024-10-15T03:30:00","date_gmt":"2024-10-15T06:30:00","guid":{"rendered":"https:\/\/noticiasdestaque.com.br\/index.php\/2024\/10\/15\/dolar-cai-e-volta-a-fechar-abaixo-dos-r-560\/"},"modified":"2024-10-15T03:30:00","modified_gmt":"2024-10-15T06:30:00","slug":"dolar-cai-e-volta-a-fechar-abaixo-dos-r-560","status":"publish","type":"post","link":"https:\/\/noticiasdestaque.com.br\/index.php\/2024\/10\/15\/dolar-cai-e-volta-a-fechar-abaixo-dos-r-560\/","title":{"rendered":"D\u00f3lar cai e volta a fechar abaixo dos R$ 5,60"},"content":{"rendered":"<p>\t\t\t\t\t\t\t\t\t\t<audio controls class=\"b61_audio_player\" data-noticia=\"77990\" src=\"https:\/\/brasil61.com\/rails\/active_storage\/blobs\/eyJfcmFpbHMiOnsibWVzc2FnZSI6IkJBaHBBN01KQXc9PSIsImV4cCI6bnVsbCwicHVyIjoiYmxvYl9pZCJ9fQ==--79fbe68828ff56fe145b57febc6db05628bbaffa\/BRAS2412812A\"><\/audio><\/p>\n<p>O d\u00f3lar comercial come\u00e7a esta ter\u00e7a-feira (15) em queda de 0,6% cotado a R$ 5,58. O euro, tamb\u00e9m em queda, est\u00e1 cotado a R$ 6,10.<\/p>\n<p>Entre os motivos para a queda da moeda americana, segundo especialistas, foi a not\u00edcia de que o presidente Lula e a equipe econ\u00f4mica estariam preparando um pacote de conten\u00e7\u00e3o de gastos e despesas para ser divulgado logo ap\u00f3s o segundo turno das elei\u00e7\u00f5es municipais.<\/p>\n<p>Nas \u00faltimas semanas o mercado estava apreensivo com os gastos p\u00fablicos brasileiros, o que fez a moeda americana subir. Hoje, com a not\u00edcia dos cortes, a situa\u00e7\u00e3o se acalmou e o d\u00f3lar voltou a cair. Ainda assim, neste m\u00eas de outubro a moeda norte-americana acumula uma valoriza\u00e7\u00e3o de 3,21% frente ao real.<\/p>\n<p>\n\u00a0<\/p>\n<p>\t\t\t\t\t\t\t\t\t<img loading=\"lazy\" decoding=\"async\" src=\"https:\/\/brasil61.com\/api\/v1\/serve_pixel\/17677\/77990\" alt=\"Pixel Brasil 61\" class=\"b61_pixel\" width=\"0\" height=\"0\"><\/p>\n<input type=\"hidden\" id=\"baseurl\" value=\"https:\/\/noticiasdestaque.com.br\"><input type=\"hidden\" id=\"audio_nonce\" value=\"6f73a554f1\">","protected":false},"excerpt":{"rendered":"<p>Queda de 0,6% diante da declara\u00e7\u00e3o de Lula sobre corte de gastos <\/p>\n","protected":false},"author":1,"featured_media":39175,"comment_status":"open","ping_status":"open","sticky":false,"template":"","format":"standard","meta":{"fifu_image_url":"","fifu_image_alt":"","footnotes":""},"categories":[59],"tags":[],"class_list":["post-39174","post","type-post","status-publish","format-standard","has-post-thumbnail","hentry","category-economia"],"distributor_meta":false,"distributor_terms":false,"distributor_media":false,"distributor_original_site_name":"Noticias em Destaque","distributor_original_site_url":"https:\/\/noticiasdestaque.com.br","push-errors":false,"_links":{"self":[{"href":"https:\/\/noticiasdestaque.com.br\/index.php\/wp-json\/wp\/v2\/posts\/39174","targetHints":{"allow":["GET"]}}],"collection":[{"href":"https:\/\/noticiasdestaque.com.br\/index.php\/wp-json\/wp\/v2\/posts"}],"about":[{"href":"https:\/\/noticiasdestaque.com.br\/index.php\/wp-json\/wp\/v2\/types\/post"}],"author":[{"embeddable":true,"href":"https:\/\/noticiasdestaque.com.br\/index.php\/wp-json\/wp\/v2\/users\/1"}],"replies":[{"embeddable":true,"href":"https:\/\/noticiasdestaque.com.br\/index.php\/wp-json\/wp\/v2\/comments?post=39174"}],"version-history":[{"count":0,"href":"https:\/\/noticiasdestaque.com.br\/index.php\/wp-json\/wp\/v2\/posts\/39174\/revisions"}],"wp:featuredmedia":[{"embeddable":true,"href":"https:\/\/noticiasdestaque.com.br\/index.php\/wp-json\/wp\/v2\/media\/39175"}],"wp:attachment":[{"href":"https:\/\/noticiasdestaque.com.br\/index.php\/wp-json\/wp\/v2\/media?parent=39174"}],"wp:term":[{"taxonomy":"category","embeddable":true,"href":"https:\/\/noticiasdestaque.com.br\/index.php\/wp-json\/wp\/v2\/categories?post=39174"},{"taxonomy":"post_tag","embeddable":true,"href":"https:\/\/noticiasdestaque.com.br\/index.php\/wp-json\/wp\/v2\/tags?post=39174"}],"curies":[{"name":"wp","href":"https:\/\/api.w.org\/{rel}","templated":true}]}}