{"id":39122,"date":"2024-10-14T02:20:00","date_gmt":"2024-10-14T05:20:00","guid":{"rendered":"https:\/\/noticiasdestaque.com.br\/index.php\/2024\/10\/14\/horario-de-verao-medida-pode-ficar-para-2025\/"},"modified":"2024-10-14T02:20:00","modified_gmt":"2024-10-14T05:20:00","slug":"horario-de-verao-medida-pode-ficar-para-2025","status":"publish","type":"post","link":"https:\/\/noticiasdestaque.com.br\/index.php\/2024\/10\/14\/horario-de-verao-medida-pode-ficar-para-2025\/","title":{"rendered":"Hor\u00e1rio de ver\u00e3o: medida pode ficar para 2025"},"content":{"rendered":"<p>\t\t\t\t\t\t\t\t\t\t<audio controls class=\"b61_audio_player\" data-noticia=\"77963\" src=\"https:\/\/brasil61.com\/rails\/active_storage\/blobs\/eyJfcmFpbHMiOnsibWVzc2FnZSI6IkJBaHBBMWdKQXc9PSIsImV4cCI6bnVsbCwicHVyIjoiYmxvYl9pZCJ9fQ==--b1caef91ae8624941f154d966df92de8fe92dcec\/BRAS2412806A\"><\/audio><\/p>\n<p>Sob press\u00e3o de muitos setores \u2014 bares, restaurantes, avia\u00e7\u00e3o \u2014 e da sociedade civil, o Ministro de Minas e Energia\u00a0Alexandre Silveira deixou para a semana que vem a decis\u00e3o sobre a volta ou n\u00e3o do hor\u00e1rio de ver\u00e3o. Em reuni\u00e3o esta semana com diretores do Operador Nacional do Sistema El\u00e9trico (ONS), Silveira disse que a medida s\u00f3 ser\u00e1 adotada se for imprescind\u00edvel para a economia de energia.\u00a0<\/p>\n<p>Segundo o ministro, a volta do hor\u00e1rio de ver\u00e3o \u00e9 um tema transversal, que n\u00e3o pode ser avaliado apenas do ponto de vista da economia, mas tamb\u00e9m levando em conta as necessidades da sociedade e do setor produtivo.\u00a0<\/p>\n<p><a href=\"https:\/\/brasil61.com\/n\/horario-de-verao-medida-sera-retomada-em-2024-entenda-como-funciona-bras2412672\">Hor\u00e1rio de Ver\u00e3o: medida ser\u00e1 retomada em 2024? Entenda como funciona<\/a><\/p>\n<h2>Empresas a\u00e9reas comemoram\u00a0<\/h2>\n<p>Diante da fala do ministro Silveira de que a medida s\u00f3 ser\u00e1 tomada se for realmente necess\u00e1ria e que ainda pode ficar para o ano que vem, as empresas a\u00e9reas reagiram. Segundo representantes do setor de avia\u00e7\u00e3o, \u00e9 preciso um prazo de seis meses para que sejam feitos ajustes de hor\u00e1rios e conex\u00f5es entre os voos.<\/p>\n<p>A Associa\u00e7\u00e3o Brasileira das Empresas A\u00e9reas (ABEAR), em nota, informa que \u201ca entrada s\u00fabita do hor\u00e1rio de ver\u00e3o causar\u00e1, por parte das empresas a\u00e9reas brasileiras, altera\u00e7\u00f5es de hor\u00e1rios em cidades brasileiras e internacionais que n\u00e3o aderem \u00e0 nova hora legal de Bras\u00edlia. Isso mudar\u00e1 a hora de sa\u00edda\/chegada dos voos, podendo gerar a perda do embarque pelos clientes por apresenta\u00e7\u00e3o tardia e eventual perda de conectividade.\u201d<\/p>\n<p>Ainda segundo a ABEAR, a possibilidade de adiamento da medida para 2025 est\u00e1 alinhada ao princ\u00edpio da previsibilidade, fundamental para ajustar quest\u00f5es log\u00edsticas e operacionais.<\/p>\n<h2>Hor\u00e1rio de ver\u00e3o<\/h2>\n<p>Desde 2019, no ent\u00e3o governo Bolsonaro, o hor\u00e1rio de ver\u00e3o deixou de ser institu\u00eddo. O hor\u00e1rio de ver\u00e3o consiste em adiantar os rel\u00f3gios em uma hora. Na pr\u00e1tica, acordamos com o sol mais fraco e &#8220;ganhamos&#8221; uma hora a mais de sol no fim do dia.\u00a0<\/p>\n<p>\t\t\t\t\t\t\t\t\t<img loading=\"lazy\" decoding=\"async\" src=\"https:\/\/brasil61.com\/api\/v1\/serve_pixel\/17677\/77963\" alt=\"Pixel Brasil 61\" class=\"b61_pixel\" width=\"0\" height=\"0\"><\/p>\n<input type=\"hidden\" id=\"baseurl\" value=\"https:\/\/noticiasdestaque.com.br\"><input type=\"hidden\" id=\"audio_nonce\" value=\"6f73a554f1\">","protected":false},"excerpt":{"rendered":"<p>Ministro Alexandre Silveira (MME) deve resolver sobre adiamento dos rel\u00f3gios na pr\u00f3xima semana <\/p>\n","protected":false},"author":1,"featured_media":39123,"comment_status":"open","ping_status":"open","sticky":false,"template":"","format":"standard","meta":{"fifu_image_url":"","fifu_image_alt":"","footnotes":""},"categories":[59],"tags":[],"class_list":["post-39122","post","type-post","status-publish","format-standard","has-post-thumbnail","hentry","category-economia"],"distributor_meta":false,"distributor_terms":false,"distributor_media":false,"distributor_original_site_name":"Noticias em Destaque","distributor_original_site_url":"https:\/\/noticiasdestaque.com.br","push-errors":false,"_links":{"self":[{"href":"https:\/\/noticiasdestaque.com.br\/index.php\/wp-json\/wp\/v2\/posts\/39122","targetHints":{"allow":["GET"]}}],"collection":[{"href":"https:\/\/noticiasdestaque.com.br\/index.php\/wp-json\/wp\/v2\/posts"}],"about":[{"href":"https:\/\/noticiasdestaque.com.br\/index.php\/wp-json\/wp\/v2\/types\/post"}],"author":[{"embeddable":true,"href":"https:\/\/noticiasdestaque.com.br\/index.php\/wp-json\/wp\/v2\/users\/1"}],"replies":[{"embeddable":true,"href":"https:\/\/noticiasdestaque.com.br\/index.php\/wp-json\/wp\/v2\/comments?post=39122"}],"version-history":[{"count":0,"href":"https:\/\/noticiasdestaque.com.br\/index.php\/wp-json\/wp\/v2\/posts\/39122\/revisions"}],"wp:featuredmedia":[{"embeddable":true,"href":"https:\/\/noticiasdestaque.com.br\/index.php\/wp-json\/wp\/v2\/media\/39123"}],"wp:attachment":[{"href":"https:\/\/noticiasdestaque.com.br\/index.php\/wp-json\/wp\/v2\/media?parent=39122"}],"wp:term":[{"taxonomy":"category","embeddable":true,"href":"https:\/\/noticiasdestaque.com.br\/index.php\/wp-json\/wp\/v2\/categories?post=39122"},{"taxonomy":"post_tag","embeddable":true,"href":"https:\/\/noticiasdestaque.com.br\/index.php\/wp-json\/wp\/v2\/tags?post=39122"}],"curies":[{"name":"wp","href":"https:\/\/api.w.org\/{rel}","templated":true}]}}