{"id":39118,"date":"2024-10-11T02:00:00","date_gmt":"2024-10-11T05:00:00","guid":{"rendered":"https:\/\/noticiasdestaque.com.br\/index.php\/2024\/10\/11\/dolar-esta-cotado-a-r-558-apos-leve-queda-de-002\/"},"modified":"2024-10-11T02:00:00","modified_gmt":"2024-10-11T05:00:00","slug":"dolar-esta-cotado-a-r-558-apos-leve-queda-de-002","status":"publish","type":"post","link":"https:\/\/noticiasdestaque.com.br\/index.php\/2024\/10\/11\/dolar-esta-cotado-a-r-558-apos-leve-queda-de-002\/","title":{"rendered":"D\u00f3lar est\u00e1 cotado a R$ 5,58 ap\u00f3s leve queda de 0,02%"},"content":{"rendered":"<p>\t\t\t\t\t\t\t\t\t\t<audio controls class=\"b61_audio_player\" data-noticia=\"77939\" src=\"https:\/\/brasil61.com\/rails\/active_storage\/blobs\/eyJfcmFpbHMiOnsibWVzc2FnZSI6IkJBaHBBeVFKQXc9PSIsImV4cCI6bnVsbCwicHVyIjoiYmxvYl9pZCJ9fQ==--485c4f6a53dfc0d33979ea882c93fba42472aa95\/BRAS2412801A\"><\/audio><\/p>\n<p>O pre\u00e7o do d\u00f3lar est\u00e1 cotado a R$ 5,58 ap\u00f3s leve queda de 0,02% no \u00faltimo fechamento. A moeda norte-americana abriu a manh\u00e3 em alta, mas passou o resto do dia com varia\u00e7\u00f5es. Segundo os economistas, os n\u00fameros da infla\u00e7\u00e3o acima do esperado nos Estados Unidos, somados \u00e0s tens\u00f5es dos conflitos no Oriente M\u00e9dio, aumentaram o receio dos investidores, que optaram por moedas mais seguras no momento.\u00a0<\/p>\n<p>Mesmo assim, a expectativa de um corte de 0,25 p.p. nos juros dos EUA na pr\u00f3xima reuni\u00e3o do Fed (o Banco Central dos EUA) deu suporte \u00e0 moeda dom\u00e9stica e impediu a valoriza\u00e7\u00e3o do d\u00f3lar.<\/p>\n<p>O euro, tamb\u00e9m em queda em compara\u00e7\u00e3o ao \u00faltimo fechamento, est\u00e1 custando R$ 6,10. As cota\u00e7\u00f5es s\u00e3o da companhia Morningstar.<\/p>\n<p>\t\t\t\t\t\t\t\t\t<img loading=\"lazy\" decoding=\"async\" src=\"https:\/\/brasil61.com\/api\/v1\/serve_pixel\/17677\/77939\" alt=\"Pixel Brasil 61\" class=\"b61_pixel\" width=\"0\" height=\"0\"><\/p>\n<input type=\"hidden\" id=\"baseurl\" value=\"https:\/\/noticiasdestaque.com.br\"><input type=\"hidden\" id=\"audio_nonce\" value=\"6f73a554f1\">","protected":false},"excerpt":{"rendered":"<p>O euro tamb\u00e9m teve queda e fechou em R$ 6,10<\/p>\n","protected":false},"author":1,"featured_media":39119,"comment_status":"open","ping_status":"open","sticky":false,"template":"","format":"standard","meta":{"fifu_image_url":"","fifu_image_alt":"","footnotes":""},"categories":[59],"tags":[],"class_list":["post-39118","post","type-post","status-publish","format-standard","has-post-thumbnail","hentry","category-economia"],"distributor_meta":false,"distributor_terms":false,"distributor_media":false,"distributor_original_site_name":"Noticias em Destaque","distributor_original_site_url":"https:\/\/noticiasdestaque.com.br","push-errors":false,"_links":{"self":[{"href":"https:\/\/noticiasdestaque.com.br\/index.php\/wp-json\/wp\/v2\/posts\/39118","targetHints":{"allow":["GET"]}}],"collection":[{"href":"https:\/\/noticiasdestaque.com.br\/index.php\/wp-json\/wp\/v2\/posts"}],"about":[{"href":"https:\/\/noticiasdestaque.com.br\/index.php\/wp-json\/wp\/v2\/types\/post"}],"author":[{"embeddable":true,"href":"https:\/\/noticiasdestaque.com.br\/index.php\/wp-json\/wp\/v2\/users\/1"}],"replies":[{"embeddable":true,"href":"https:\/\/noticiasdestaque.com.br\/index.php\/wp-json\/wp\/v2\/comments?post=39118"}],"version-history":[{"count":0,"href":"https:\/\/noticiasdestaque.com.br\/index.php\/wp-json\/wp\/v2\/posts\/39118\/revisions"}],"wp:featuredmedia":[{"embeddable":true,"href":"https:\/\/noticiasdestaque.com.br\/index.php\/wp-json\/wp\/v2\/media\/39119"}],"wp:attachment":[{"href":"https:\/\/noticiasdestaque.com.br\/index.php\/wp-json\/wp\/v2\/media?parent=39118"}],"wp:term":[{"taxonomy":"category","embeddable":true,"href":"https:\/\/noticiasdestaque.com.br\/index.php\/wp-json\/wp\/v2\/categories?post=39118"},{"taxonomy":"post_tag","embeddable":true,"href":"https:\/\/noticiasdestaque.com.br\/index.php\/wp-json\/wp\/v2\/tags?post=39118"}],"curies":[{"name":"wp","href":"https:\/\/api.w.org\/{rel}","templated":true}]}}