{"id":39112,"date":"2024-10-11T04:00:00","date_gmt":"2024-10-11T07:00:00","guid":{"rendered":"https:\/\/noticiasdestaque.com.br\/index.php\/2024\/10\/11\/mei-2024-nao-houve-exclusao-de-atividades-esclarece-sebrae\/"},"modified":"2024-10-11T04:00:00","modified_gmt":"2024-10-11T07:00:00","slug":"mei-2024-nao-houve-exclusao-de-atividades-esclarece-sebrae","status":"publish","type":"post","link":"https:\/\/noticiasdestaque.com.br\/index.php\/2024\/10\/11\/mei-2024-nao-houve-exclusao-de-atividades-esclarece-sebrae\/","title":{"rendered":"MEI 2024: n\u00e3o houve exclus\u00e3o de atividades, esclarece Sebrae"},"content":{"rendered":"<p>\t\t\t\t\t\t\t\t\t\t<audio controls class=\"b61_audio_player\" data-noticia=\"77915\" src=\"https:\/\/brasil61.com\/rails\/active_storage\/blobs\/eyJfcmFpbHMiOnsibWVzc2FnZSI6IkJBaHBBK0FJQXc9PSIsImV4cCI6bnVsbCwicHVyIjoiYmxvYl9pZCJ9fQ==--9ba4bdf19a79d91fd200f2fef69e7f08ad212b75\/BRAS2412793A\"><\/audio><\/p>\n<p>Uma informa\u00e7\u00e3o falsa de que 34 atividades foram exclu\u00eddas da categoria Microempreendedor Individual (MEI), em 2024, foi desmentida pelo Servi\u00e7o Brasileiro de Apoio \u00e0s Micro e Pequenas Empresas (Sebrae).\u00a0<\/p>\n<p>Em entrevista exclusiva ao Brasil 61, a analista de desenvolvimento territorial do Sebrae Helena R\u00eago explicou que as pessoas podem confundir a ocupa\u00e7\u00e3o do MEI com a Classifica\u00e7\u00e3o Nacional de Atividades Econ\u00f4micas (CNAE).<\/p>\n<p>\u201c\u00c9 importante informar que n\u00e3o houve qualquer exclus\u00e3o de atividades do MEI em 2024. Vale a pena um esclarecimento com rela\u00e7\u00e3o \u00e0s ocupa\u00e7\u00f5es do MEI. A CNAE, que \u00e9 a Classifica\u00e7\u00e3o Nacional de Atividades Econ\u00f4micas, pode causar alguma confus\u00e3o, mas o que vale para a formaliza\u00e7\u00e3o do MEI \u00e9 a ocupa\u00e7\u00e3o, que se baseou na Classifica\u00e7\u00e3o Brasileira de Ocupa\u00e7\u00f5es, a CBO. O que prevalece e no que as pessoas efetivamente se formalizam \u00e9 a ocupa\u00e7\u00e3o, que \u00e9 o que realmente a pessoa faz.\u201d<\/p>\n<p>Ao se formalizar, o MEI deve escolher uma ocupa\u00e7\u00e3o principal, al\u00e9m de outras 15 secund\u00e1rias, o que permite diversificar os servi\u00e7os e se adaptar \u00e0s mudan\u00e7as de mercado. A ocupa\u00e7\u00e3o principal determina as obriga\u00e7\u00f5es tribut\u00e1rias e legais do microempreendedor, enquanto as secund\u00e1rias devem estar alinhadas ao foco principal da empresa. Essas 16 ocupa\u00e7\u00f5es devem fazer parte do guarda-chuva de atividades econ\u00f4micas do <a href=\"https:\/\/www.gov.br\/empresas-e-negocios\/pt-br\/empreendedor\/quero-ser-mei\/atividades-permitidas\" target=\"_blank\" rel=\"noopener\">CNAE MEI<\/a>.<\/p>\n<h2>Minha ocupa\u00e7\u00e3o n\u00e3o pode ser MEI. E agora?<\/h2>\n<p>Se a atividade que o microempreendedor exerce n\u00e3o est\u00e1 contemplada pelo CNAE MEI, \u00e9 necess\u00e1rio abrir outro tipo de empresa. Uma microempresa (ME), por exemplo, permite um faturamento anual de at\u00e9 R$ 360 mil e a contrata\u00e7\u00e3o de at\u00e9 nove funcion\u00e1rios.<\/p>\n<p>Tamb\u00e9m \u00e9 poss\u00edvel alterar a atividade do MEI. O processo \u00e9 feito pelo Portal do Empreendedor, com os seguintes passos:<\/p>\n<ul>\n<li>Clique em \u201cAlterar Dados\u201d;<\/li>\n<li>Entrar com a senha do gov.br;<\/li>\n<li>Atualizar as informa\u00e7\u00f5es necess\u00e1rias;<\/li>\n<li>Confirmar as altera\u00e7\u00f5es;<\/li>\n<li>Imprimir ou salvar o Certificado da Condi\u00e7\u00e3o do Microempreendedor Individual (CCMEI) atualizado.<\/li>\n<\/ul>\n<p>O gerente de solu\u00e7\u00f5es do Sebrae Eduardo Curado destaca os benef\u00edcios do MEI estar regularizado.<\/p>\n<p>\u201cA formaliza\u00e7\u00e3o permite que os trabalhadores ou empres\u00e1rios tenham acesso aos benef\u00edcios sociais, como aposentadoria, seguro-desemprego, licen\u00e7a-maternidade, aux\u00edlio-doen\u00e7a. Outra quest\u00e3o tamb\u00e9m \u00e9 a credibilidade e acesso ao cr\u00e9dito. Empresas regularizadas ou formalizadas t\u00eam mais facilidade para acessar cr\u00e9dito e financiamento em institui\u00e7\u00f5es financeiras, seja p\u00fablica ou privada. Al\u00e9m disso, ela aumenta a sua credibilidade perante os clientes e fornecedores.\u201d<\/p>\n<p>Outros benef\u00edcios, segundo o gerente de solu\u00e7\u00f5es do Sebrae, incluem poder emitir nota fiscal e, consequentemente, poder vender para outras empresas, al\u00e9m de ter seguran\u00e7a jur\u00eddica, uma vez que as atividades passam a ser reguladas por contratos e leis espec\u00edficas.<\/p>\n<p><strong><a href=\"https:\/\/brasil61.com\/n\/reforma-tributaria-senado-deve-intensificar-discussoes-com-foco-no-simples-nacional-bras2412702\" target=\"_blank\" rel=\"noopener\">Reforma tribut\u00e1ria: Senado deve intensificar discuss\u00f5es com foco no Simples Nacional<\/a><\/strong><\/p>\n<p><strong><a href=\"https:\/\/brasil61.com\/n\/novas-regras-para-meis-emitirem-notas-fiscais-estao-em-vigor-bras2412594\" target=\"_blank\" rel=\"noopener\">Novas regras para MEIs emitirem notas fiscais est\u00e3o em vigor<\/a><\/strong><\/p>\n<p>\t\t\t\t\t\t\t\t\t<img loading=\"lazy\" decoding=\"async\" src=\"https:\/\/brasil61.com\/api\/v1\/serve_pixel\/17677\/77915\" alt=\"Pixel Brasil 61\" class=\"b61_pixel\" width=\"0\" height=\"0\"><\/p>\n<input type=\"hidden\" id=\"baseurl\" value=\"https:\/\/noticiasdestaque.com.br\"><input type=\"hidden\" id=\"audio_nonce\" value=\"6a24ca502e\">","protected":false},"excerpt":{"rendered":"<p>Not\u00edcia sobre a exclus\u00e3o de 34 atividades do MEI foi desmentida pela institui\u00e7\u00e3o, em entrevista exclusiva ao Brasil 61<\/p>\n","protected":false},"author":1,"featured_media":39113,"comment_status":"open","ping_status":"open","sticky":false,"template":"","format":"standard","meta":{"fifu_image_url":"","fifu_image_alt":"","footnotes":""},"categories":[59],"tags":[],"class_list":["post-39112","post","type-post","status-publish","format-standard","has-post-thumbnail","hentry","category-economia"],"distributor_meta":false,"distributor_terms":false,"distributor_media":false,"distributor_original_site_name":"Noticias em Destaque","distributor_original_site_url":"https:\/\/noticiasdestaque.com.br","push-errors":false,"_links":{"self":[{"href":"https:\/\/noticiasdestaque.com.br\/index.php\/wp-json\/wp\/v2\/posts\/39112","targetHints":{"allow":["GET"]}}],"collection":[{"href":"https:\/\/noticiasdestaque.com.br\/index.php\/wp-json\/wp\/v2\/posts"}],"about":[{"href":"https:\/\/noticiasdestaque.com.br\/index.php\/wp-json\/wp\/v2\/types\/post"}],"author":[{"embeddable":true,"href":"https:\/\/noticiasdestaque.com.br\/index.php\/wp-json\/wp\/v2\/users\/1"}],"replies":[{"embeddable":true,"href":"https:\/\/noticiasdestaque.com.br\/index.php\/wp-json\/wp\/v2\/comments?post=39112"}],"version-history":[{"count":0,"href":"https:\/\/noticiasdestaque.com.br\/index.php\/wp-json\/wp\/v2\/posts\/39112\/revisions"}],"wp:featuredmedia":[{"embeddable":true,"href":"https:\/\/noticiasdestaque.com.br\/index.php\/wp-json\/wp\/v2\/media\/39113"}],"wp:attachment":[{"href":"https:\/\/noticiasdestaque.com.br\/index.php\/wp-json\/wp\/v2\/media?parent=39112"}],"wp:term":[{"taxonomy":"category","embeddable":true,"href":"https:\/\/noticiasdestaque.com.br\/index.php\/wp-json\/wp\/v2\/categories?post=39112"},{"taxonomy":"post_tag","embeddable":true,"href":"https:\/\/noticiasdestaque.com.br\/index.php\/wp-json\/wp\/v2\/tags?post=39112"}],"curies":[{"name":"wp","href":"https:\/\/api.w.org\/{rel}","templated":true}]}}