{"id":39100,"date":"2024-10-13T17:10:00","date_gmt":"2024-10-13T20:10:00","guid":{"rendered":"https:\/\/noticiasdestaque.com.br\/index.php\/2024\/10\/13\/previsao-do-tempo-pancadas-de-chuva-no-am-ro-ac-rr-e-areas-do-pa-e-to\/"},"modified":"2024-10-13T17:10:00","modified_gmt":"2024-10-13T20:10:00","slug":"previsao-do-tempo-pancadas-de-chuva-no-am-ro-ac-rr-e-areas-do-pa-e-to","status":"publish","type":"post","link":"https:\/\/noticiasdestaque.com.br\/index.php\/2024\/10\/13\/previsao-do-tempo-pancadas-de-chuva-no-am-ro-ac-rr-e-areas-do-pa-e-to\/","title":{"rendered":"PREVIS\u00c3O DO TEMPO: Pancadas de chuva no AM, RO, AC, RR e \u00e1reas do PA e TO"},"content":{"rendered":"<p>\t\t\t\t\t\t\t\t\t\t<audio controls class=\"b61_audio_player\" data-noticia=\"77968\" src=\"https:\/\/brasil61.com\/rails\/active_storage\/blobs\/eyJfcmFpbHMiOnsibWVzc2FnZSI6IkJBaHBBMThKQXc9PSIsImV4cCI6bnVsbCwicHVyIjoiYmxvYl9pZCJ9fQ==--0f6c91bacdd6590a2724be0725b5bd34ffaee8a9\/PTRN244216A\"><\/audio><\/p>\n<p>A segunda-feira (14) ser\u00e1 de muitas nuvens, com pancadas de chuva e trovoadas isoladas em \u00e1reas do Amazonas, Acre e Rond\u00f4nia. A previs\u00e3o \u00e9 do Instituto Nacional de Meteorologia, Inmet.<\/p>\n<p>Muitas nuvens com pancadas de chuva em Roraima, sul paraense e sul tocantinense. Possibilidade de chuva no Amap\u00e1 e em partes do Maraj\u00f3 paraense e na metropolitana de Bel\u00e9m (PA).<\/p>\n<p>Entre as capitais, a temperatura m\u00ednima prevista \u00e9 de 23\u00b0C, em Porto Velho (RO). J\u00e1 a m\u00e1xima pode chegar a 38\u00b0C, em Palmas (TO). \u00a0<\/p>\n<p>\u00a0<\/p>\n<p>\t\t\t\t\t\t\t\t\t<img loading=\"lazy\" decoding=\"async\" src=\"https:\/\/brasil61.com\/api\/v1\/serve_pixel\/17677\/77968\" alt=\"Pixel Brasil 61\" class=\"b61_pixel\" width=\"0\" height=\"0\"><\/p>\n<input type=\"hidden\" id=\"baseurl\" value=\"https:\/\/noticiasdestaque.com.br\"><input type=\"hidden\" id=\"audio_nonce\" value=\"6a24ca502e\">","protected":false},"excerpt":{"rendered":"<p>Possibilidade de chuva no Amap\u00e1 e em partes do Maraj\u00f3 paraense e na metropolitana de Bel\u00e9m (PA).<\/p>\n","protected":false},"author":1,"featured_media":39101,"comment_status":"open","ping_status":"open","sticky":false,"template":"","format":"standard","meta":{"fifu_image_url":"","fifu_image_alt":"","footnotes":""},"categories":[58],"tags":[],"class_list":["post-39100","post","type-post","status-publish","format-standard","has-post-thumbnail","hentry","category-cotidiano"],"distributor_meta":false,"distributor_terms":false,"distributor_media":false,"distributor_original_site_name":"Noticias em Destaque","distributor_original_site_url":"https:\/\/noticiasdestaque.com.br","push-errors":false,"_links":{"self":[{"href":"https:\/\/noticiasdestaque.com.br\/index.php\/wp-json\/wp\/v2\/posts\/39100","targetHints":{"allow":["GET"]}}],"collection":[{"href":"https:\/\/noticiasdestaque.com.br\/index.php\/wp-json\/wp\/v2\/posts"}],"about":[{"href":"https:\/\/noticiasdestaque.com.br\/index.php\/wp-json\/wp\/v2\/types\/post"}],"author":[{"embeddable":true,"href":"https:\/\/noticiasdestaque.com.br\/index.php\/wp-json\/wp\/v2\/users\/1"}],"replies":[{"embeddable":true,"href":"https:\/\/noticiasdestaque.com.br\/index.php\/wp-json\/wp\/v2\/comments?post=39100"}],"version-history":[{"count":0,"href":"https:\/\/noticiasdestaque.com.br\/index.php\/wp-json\/wp\/v2\/posts\/39100\/revisions"}],"wp:featuredmedia":[{"embeddable":true,"href":"https:\/\/noticiasdestaque.com.br\/index.php\/wp-json\/wp\/v2\/media\/39101"}],"wp:attachment":[{"href":"https:\/\/noticiasdestaque.com.br\/index.php\/wp-json\/wp\/v2\/media?parent=39100"}],"wp:term":[{"taxonomy":"category","embeddable":true,"href":"https:\/\/noticiasdestaque.com.br\/index.php\/wp-json\/wp\/v2\/categories?post=39100"},{"taxonomy":"post_tag","embeddable":true,"href":"https:\/\/noticiasdestaque.com.br\/index.php\/wp-json\/wp\/v2\/tags?post=39100"}],"curies":[{"name":"wp","href":"https:\/\/api.w.org\/{rel}","templated":true}]}}