{"id":39094,"date":"2024-10-11T18:00:00","date_gmt":"2024-10-11T21:00:00","guid":{"rendered":"https:\/\/noticiasdestaque.com.br\/index.php\/2024\/10\/11\/previsao-do-tempo-sudeste-tem-alerta-de-tempestades-e-chuvas-intensas-neste-sabado-12\/"},"modified":"2024-10-11T18:00:00","modified_gmt":"2024-10-11T21:00:00","slug":"previsao-do-tempo-sudeste-tem-alerta-de-tempestades-e-chuvas-intensas-neste-sabado-12","status":"publish","type":"post","link":"https:\/\/noticiasdestaque.com.br\/index.php\/2024\/10\/11\/previsao-do-tempo-sudeste-tem-alerta-de-tempestades-e-chuvas-intensas-neste-sabado-12\/","title":{"rendered":"PREVIS\u00c3O DO TEMPO: Sudeste tem alerta de tempestades e chuvas intensas neste s\u00e1bado (12)"},"content":{"rendered":"<p>\t\t\t\t\t\t\t\t\t\t<audio controls class=\"b61_audio_player\" data-noticia=\"77961\" src=\"https:\/\/brasil61.com\/rails\/active_storage\/blobs\/eyJfcmFpbHMiOnsibWVzc2FnZSI6IkJBaHBBMDRKQXc9PSIsImV4cCI6bnVsbCwicHVyIjoiYmxvYl9pZCJ9fQ==--f78b81d015fed71abf5b00f070042b4d6bcf5488\/PTSD243849A\"><\/audio><\/p>\n<p>Neste s\u00e1bado (12), tem previs\u00e3o de chuvas isoladas em todos os estados da Regi\u00e3o Sudeste, com exce\u00e7\u00e3o das microrregi\u00f5es mineiras de Janu\u00e1ria, Jana\u00faba, Salinas, Pedra Azul e Almenara.\u00a0<\/p>\n<p>O Instituto Nacional de Meteorologia (Inmet) emitiu um alerta de chuvas intensas para as regi\u00f5es do Norte e Noroeste de Minas, Central Mineira, Zona da Mata, Vale do Rio Doce, Vale do Mucuri, Jequitinhonha, Metropolitana de Belo Horizonte, Central e Sul Esp\u00edrito-santenses, Centro, Norte, Noroeste e Sul Fluminenses, Baixadas e Metropolitana do Rio de Janeiro.<\/p>\n<p>Tamb\u00e9m tem alerta de tempestades para o Tri\u00e2ngulo Mineiro\/Alto Parana\u00edba, Central Mineira, Oeste, Sul\/Sudoeste, Noroeste e Norte de Minas, Zona da Mata, Campo das Vertentes, Vale do Rio Doce, Jequitinhonha, Metropolitana de Belo Horizonte, Presidente Prudente, S\u00e3o Jos\u00e9 do Rio Preto, Campinas, Bauru, Piracicaba, Itapetininga, Ribeir\u00e3o Preto, Ara\u00e7atuba, Mar\u00edlia, Araraquara, Assis, Vale do Para\u00edba, Macro Metropolitana e \u00a0Litoral Sul Paulista, Metropolitana de S\u00e3o Paulo, Sul, Noroeste, Norte e Centro Fluminenses, Baixadas, Metropolitana do Rio de Janeiro, Central e Sul Esp\u00edrito-santenses.<\/p>\n<p>Entre as capitais, a temperatura m\u00ednima deve ficar em torno de 17\u00b0C em Belo Horizonte (MG) e a m\u00e1xima pode chegar aos 32\u00b0C em Vit\u00f3ria (ES). A umidade relativa do ar pode variar entre 100% e 40%.<\/p>\n<p>As informa\u00e7\u00f5es s\u00e3o do Instituto Nacional de Meteorologia.\u00a0<\/p>\n<p>\t\t\t\t\t\t\t\t\t<img loading=\"lazy\" decoding=\"async\" src=\"https:\/\/brasil61.com\/api\/v1\/serve_pixel\/17677\/77961\" alt=\"Pixel Brasil 61\" class=\"b61_pixel\" width=\"0\" height=\"0\"><\/p>\n<input type=\"hidden\" id=\"baseurl\" value=\"https:\/\/noticiasdestaque.com.br\"><input type=\"hidden\" id=\"audio_nonce\" value=\"6f73a554f1\">","protected":false},"excerpt":{"rendered":"<p>A temperatura na Regi\u00e3o Sudeste do pa\u00eds pode variar entre 17\u00b0C e 32\u00b0C<\/p>\n","protected":false},"author":1,"featured_media":39095,"comment_status":"open","ping_status":"open","sticky":false,"template":"","format":"standard","meta":{"fifu_image_url":"","fifu_image_alt":"","footnotes":""},"categories":[58],"tags":[],"class_list":["post-39094","post","type-post","status-publish","format-standard","has-post-thumbnail","hentry","category-cotidiano"],"distributor_meta":false,"distributor_terms":false,"distributor_media":false,"distributor_original_site_name":"Noticias em Destaque","distributor_original_site_url":"https:\/\/noticiasdestaque.com.br","push-errors":false,"_links":{"self":[{"href":"https:\/\/noticiasdestaque.com.br\/index.php\/wp-json\/wp\/v2\/posts\/39094","targetHints":{"allow":["GET"]}}],"collection":[{"href":"https:\/\/noticiasdestaque.com.br\/index.php\/wp-json\/wp\/v2\/posts"}],"about":[{"href":"https:\/\/noticiasdestaque.com.br\/index.php\/wp-json\/wp\/v2\/types\/post"}],"author":[{"embeddable":true,"href":"https:\/\/noticiasdestaque.com.br\/index.php\/wp-json\/wp\/v2\/users\/1"}],"replies":[{"embeddable":true,"href":"https:\/\/noticiasdestaque.com.br\/index.php\/wp-json\/wp\/v2\/comments?post=39094"}],"version-history":[{"count":0,"href":"https:\/\/noticiasdestaque.com.br\/index.php\/wp-json\/wp\/v2\/posts\/39094\/revisions"}],"wp:featuredmedia":[{"embeddable":true,"href":"https:\/\/noticiasdestaque.com.br\/index.php\/wp-json\/wp\/v2\/media\/39095"}],"wp:attachment":[{"href":"https:\/\/noticiasdestaque.com.br\/index.php\/wp-json\/wp\/v2\/media?parent=39094"}],"wp:term":[{"taxonomy":"category","embeddable":true,"href":"https:\/\/noticiasdestaque.com.br\/index.php\/wp-json\/wp\/v2\/categories?post=39094"},{"taxonomy":"post_tag","embeddable":true,"href":"https:\/\/noticiasdestaque.com.br\/index.php\/wp-json\/wp\/v2\/tags?post=39094"}],"curies":[{"name":"wp","href":"https:\/\/api.w.org\/{rel}","templated":true}]}}