{"id":39084,"date":"2024-10-12T18:00:00","date_gmt":"2024-10-12T21:00:00","guid":{"rendered":"https:\/\/noticiasdestaque.com.br\/index.php\/2024\/10\/12\/previsao-do-tempo-sol-predomina-neste-domingo-13-no-nordeste\/"},"modified":"2024-10-12T18:00:00","modified_gmt":"2024-10-12T21:00:00","slug":"previsao-do-tempo-sol-predomina-neste-domingo-13-no-nordeste","status":"publish","type":"post","link":"https:\/\/noticiasdestaque.com.br\/index.php\/2024\/10\/12\/previsao-do-tempo-sol-predomina-neste-domingo-13-no-nordeste\/","title":{"rendered":"PREVIS\u00c3O DO TEMPO: Sol predomina neste domingo (13) no Nordeste"},"content":{"rendered":"<p>\t\t\t\t\t\t\t\t\t\t<audio controls class=\"b61_audio_player\" data-noticia=\"77950\" src=\"https:\/\/brasil61.com\/rails\/active_storage\/blobs\/eyJfcmFpbHMiOnsibWVzc2FnZSI6IkJBaHBBMFVKQXc9PSIsImV4cCI6bnVsbCwicHVyIjoiYmxvYl9pZCJ9fQ==--9a8c10ede4e16053d26b6e7fb4737da8d6b48fb4\/PTND244456A\"><\/audio><\/p>\n<p>Mais um domingo de sol e muito calor em todo o Nordeste. Tem chuvas isoladas e em pequeno volume previstas para todo o litoral, na faixa que vai do sul da Bahia at\u00e9 Pernambuco. Da Para\u00edba at\u00e9 o Maranh\u00e3o o tempo fica seco, ensolarado e com baixa umidade.\u00a0<\/p>\n<p>O Inmet j\u00e1 emitiu alerta que vale at\u00e9 \u00e0s seis da tarde de hoje de perigo potencial em fun\u00e7\u00e3o de uma onda de calor, que pode elevar as temperaturas em at\u00e9 5\u00baC. Alerta que cobre todo o norte da Bahia, interior de Alagoas, Pernambuco e extremo sul do Cear\u00e1. Em Petrolina (PE) a m\u00e1xima pode chegar aos 37\u00baC, mesma temperatura de Miss\u00e3o Velha (CE).<\/p>\n<p>Tem alerta ainda de vendaval e ventos costeiros de at\u00e9 60km\/h em todo o litoral do Rio Grande do Norte e Cear\u00e1.\u00a0<\/p>\n<p>No litoral, onde tem previs\u00e3o de chuvas isoladas;\u00a0as temperaturas ficam entre 25\u00baC e 30\u00ba tanto em Salvador (BA) quanto em Aracaju (SE).\u00a0<\/p>\n<p>As informa\u00e7\u00f5es s\u00e3o do Inmet<\/p>\n<p>\u00a0<\/p>\n<p>\t\t\t\t\t\t\t\t\t<img loading=\"lazy\" decoding=\"async\" src=\"https:\/\/brasil61.com\/api\/v1\/serve_pixel\/17677\/77950\" alt=\"Pixel Brasil 61\" class=\"b61_pixel\" width=\"0\" height=\"0\"><\/p>\n<input type=\"hidden\" id=\"baseurl\" value=\"https:\/\/noticiasdestaque.com.br\"><input type=\"hidden\" id=\"audio_nonce\" value=\"6f73a554f1\">","protected":false},"excerpt":{"rendered":"<p>Temperaturas seguem altas, sobretudo no interior, com alerta de onda de calor<\/p>\n","protected":false},"author":1,"featured_media":39085,"comment_status":"open","ping_status":"open","sticky":false,"template":"","format":"standard","meta":{"fifu_image_url":"","fifu_image_alt":"","footnotes":""},"categories":[58],"tags":[],"class_list":["post-39084","post","type-post","status-publish","format-standard","has-post-thumbnail","hentry","category-cotidiano"],"distributor_meta":false,"distributor_terms":false,"distributor_media":false,"distributor_original_site_name":"Noticias em Destaque","distributor_original_site_url":"https:\/\/noticiasdestaque.com.br","push-errors":false,"_links":{"self":[{"href":"https:\/\/noticiasdestaque.com.br\/index.php\/wp-json\/wp\/v2\/posts\/39084","targetHints":{"allow":["GET"]}}],"collection":[{"href":"https:\/\/noticiasdestaque.com.br\/index.php\/wp-json\/wp\/v2\/posts"}],"about":[{"href":"https:\/\/noticiasdestaque.com.br\/index.php\/wp-json\/wp\/v2\/types\/post"}],"author":[{"embeddable":true,"href":"https:\/\/noticiasdestaque.com.br\/index.php\/wp-json\/wp\/v2\/users\/1"}],"replies":[{"embeddable":true,"href":"https:\/\/noticiasdestaque.com.br\/index.php\/wp-json\/wp\/v2\/comments?post=39084"}],"version-history":[{"count":0,"href":"https:\/\/noticiasdestaque.com.br\/index.php\/wp-json\/wp\/v2\/posts\/39084\/revisions"}],"wp:featuredmedia":[{"embeddable":true,"href":"https:\/\/noticiasdestaque.com.br\/index.php\/wp-json\/wp\/v2\/media\/39085"}],"wp:attachment":[{"href":"https:\/\/noticiasdestaque.com.br\/index.php\/wp-json\/wp\/v2\/media?parent=39084"}],"wp:term":[{"taxonomy":"category","embeddable":true,"href":"https:\/\/noticiasdestaque.com.br\/index.php\/wp-json\/wp\/v2\/categories?post=39084"},{"taxonomy":"post_tag","embeddable":true,"href":"https:\/\/noticiasdestaque.com.br\/index.php\/wp-json\/wp\/v2\/tags?post=39084"}],"curies":[{"name":"wp","href":"https:\/\/api.w.org\/{rel}","templated":true}]}}