{"id":39078,"date":"2024-10-11T18:00:00","date_gmt":"2024-10-11T21:00:00","guid":{"rendered":"https:\/\/noticiasdestaque.com.br\/index.php\/2024\/10\/11\/previsao-do-tempo-nordeste-encara-dia-quente-e-seco-neste-sabado-12\/"},"modified":"2024-10-11T18:00:00","modified_gmt":"2024-10-11T21:00:00","slug":"previsao-do-tempo-nordeste-encara-dia-quente-e-seco-neste-sabado-12","status":"publish","type":"post","link":"https:\/\/noticiasdestaque.com.br\/index.php\/2024\/10\/11\/previsao-do-tempo-nordeste-encara-dia-quente-e-seco-neste-sabado-12\/","title":{"rendered":"PREVIS\u00c3O DO TEMPO: Nordeste encara dia quente e seco neste s\u00e1bado (12)"},"content":{"rendered":"<p>\t\t\t\t\t\t\t\t\t\t<audio controls class=\"b61_audio_player\" data-noticia=\"77958\" src=\"https:\/\/brasil61.com\/rails\/active_storage\/blobs\/eyJfcmFpbHMiOnsibWVzc2FnZSI6IkJBaHBBMUVKQXc9PSIsImV4cCI6bnVsbCwicHVyIjoiYmxvYl9pZCJ9fQ==--a4424c8838da494c852099f12b86a876d3ab4d21\/PTND244457A\"><\/audio><\/p>\n<p>Neste s\u00e1bado (12), o Nordeste brasileiro encara um dia quente e seco. O Instituto Nacional de Meteorologia emitiu v\u00e1rios alertas para a regi\u00e3o. O primeiro \u00e9 de baixa umidade para o Sul, Noroeste, Centro-Sul, Norte e Sert\u00f5es Cearenses, Jaguaribe, Centro Sul, Centro Norte, Extremo Oeste e Nordeste Baianos, Vale S\u00e3o-Franciscano da Bahia, Sudeste, Centro-Norte, Sudoeste e Norte Piauienses, Sert\u00e3o, S\u00e3o Francisco e Agreste Pernambucanos, Sert\u00e3o Paraibano, Borborema, Sert\u00e3o Alagoano, Oeste e Central Potiguares e Sert\u00e3o Sergipano.<\/p>\n<p>Tamb\u00e9m tem alerta de onda de calor para o Sul, Centro-Sul e Sert\u00f5es Cearenses, Vale S\u00e3o-Franciscano da Bahia, Nordeste, Centro Norte, Centro Sul e Extremo Oeste Baianos, Sudeste, Sudoeste e Centro-Norte Piauienses, S\u00e3o Francisco, Agreste e Sert\u00e3o Pernambucanos, Agreste e Sert\u00e3o Alagoanos, Leste, Sert\u00e3o e Agreste Sergipanos e Sert\u00e3o Paraibano.<\/p>\n<p>Somente no Sul, Extremo Oeste e Centro Sul Baianos e Vale S\u00e3o-Franciscano da Bahia tem alerta de chuvas intensas.<\/p>\n<p>Entre as capitais, a temperatura m\u00ednima deve ficar em torno de 22\u00b0C em Macei\u00f3 (AL) e a m\u00e1xima pode chegar aos 38\u00b0C em Teresina (PI). A umidade relativa do ar pode variar entre 95% e 25%.<\/p>\n<p>As informa\u00e7\u00f5es s\u00e3o do Instituto Nacional de Meteorologia.<\/p>\n<p>\t\t\t\t\t\t\t\t\t<img loading=\"lazy\" decoding=\"async\" src=\"https:\/\/brasil61.com\/api\/v1\/serve_pixel\/17677\/77958\" alt=\"Pixel Brasil 61\" class=\"b61_pixel\" width=\"0\" height=\"0\"><\/p>\n<input type=\"hidden\" id=\"baseurl\" value=\"https:\/\/noticiasdestaque.com.br\"><input type=\"hidden\" id=\"audio_nonce\" value=\"6f73a554f1\">","protected":false},"excerpt":{"rendered":"<p>A temperatura na Regi\u00e3o Nordeste do pa\u00eds pode variar entre 22\u00b0C e 38\u00b0C<\/p>\n","protected":false},"author":1,"featured_media":39079,"comment_status":"open","ping_status":"open","sticky":false,"template":"","format":"standard","meta":{"fifu_image_url":"","fifu_image_alt":"","footnotes":""},"categories":[58],"tags":[],"class_list":["post-39078","post","type-post","status-publish","format-standard","has-post-thumbnail","hentry","category-cotidiano"],"distributor_meta":false,"distributor_terms":false,"distributor_media":false,"distributor_original_site_name":"Noticias em Destaque","distributor_original_site_url":"https:\/\/noticiasdestaque.com.br","push-errors":false,"_links":{"self":[{"href":"https:\/\/noticiasdestaque.com.br\/index.php\/wp-json\/wp\/v2\/posts\/39078","targetHints":{"allow":["GET"]}}],"collection":[{"href":"https:\/\/noticiasdestaque.com.br\/index.php\/wp-json\/wp\/v2\/posts"}],"about":[{"href":"https:\/\/noticiasdestaque.com.br\/index.php\/wp-json\/wp\/v2\/types\/post"}],"author":[{"embeddable":true,"href":"https:\/\/noticiasdestaque.com.br\/index.php\/wp-json\/wp\/v2\/users\/1"}],"replies":[{"embeddable":true,"href":"https:\/\/noticiasdestaque.com.br\/index.php\/wp-json\/wp\/v2\/comments?post=39078"}],"version-history":[{"count":0,"href":"https:\/\/noticiasdestaque.com.br\/index.php\/wp-json\/wp\/v2\/posts\/39078\/revisions"}],"wp:featuredmedia":[{"embeddable":true,"href":"https:\/\/noticiasdestaque.com.br\/index.php\/wp-json\/wp\/v2\/media\/39079"}],"wp:attachment":[{"href":"https:\/\/noticiasdestaque.com.br\/index.php\/wp-json\/wp\/v2\/media?parent=39078"}],"wp:term":[{"taxonomy":"category","embeddable":true,"href":"https:\/\/noticiasdestaque.com.br\/index.php\/wp-json\/wp\/v2\/categories?post=39078"},{"taxonomy":"post_tag","embeddable":true,"href":"https:\/\/noticiasdestaque.com.br\/index.php\/wp-json\/wp\/v2\/tags?post=39078"}],"curies":[{"name":"wp","href":"https:\/\/api.w.org\/{rel}","templated":true}]}}