{"id":39052,"date":"2024-10-05T15:00:00","date_gmt":"2024-10-05T18:00:00","guid":{"rendered":"https:\/\/noticiasdestaque.com.br\/index.php\/2024\/10\/05\/eleicoes-2024-qual-documento-o-eleitor-deve-apresentar-para-votar\/"},"modified":"2024-10-05T15:00:00","modified_gmt":"2024-10-05T18:00:00","slug":"eleicoes-2024-qual-documento-o-eleitor-deve-apresentar-para-votar","status":"publish","type":"post","link":"https:\/\/noticiasdestaque.com.br\/index.php\/2024\/10\/05\/eleicoes-2024-qual-documento-o-eleitor-deve-apresentar-para-votar\/","title":{"rendered":"Elei\u00e7\u00f5es 2024: qual documento o eleitor deve apresentar para votar?"},"content":{"rendered":"<p>\t\t\t\t\t\t\t\t\t\t<audio controls class=\"b61_audio_player\" data-noticia=\"77829\" src=\"https:\/\/brasil61.com\/rails\/active_storage\/blobs\/eyJfcmFpbHMiOnsibWVzc2FnZSI6IkJBaHBBeVFJQXc9PSIsImV4cCI6bnVsbCwicHVyIjoiYmxvYl9pZCJ9fQ==--677359156ecc0519725e310c557efd5b3e85db0c\/BRAS2412761A\"><\/audio><\/p>\n<p>Nas elei\u00e7\u00f5es municipais de 2024, com vota\u00e7\u00f5es previstas para este domingo (6), os eleitores precisam ficar atentos a algumas recomenda\u00e7\u00f5es da Justi\u00e7a Eleitoral. Uma das orienta\u00e7\u00f5es est\u00e1 relacionada \u00e0 documenta\u00e7\u00e3o necess\u00e1ria para que o cidad\u00e3o possa escolher seu candidato.\u00a0<\/p>\n<h2>Elei\u00e7\u00f5es 2024:\u00a0qual documento o eleitor deve apresentar para votar?<\/h2>\n<p>De acordo com o Tribunal Superior Eleitoral, o eleitor precisa apresentar um documento oficial com foto. Entre as op\u00e7\u00f5es est\u00e3o carteira de identidade, carteira nacional de habilita\u00e7\u00e3o, certificado de reservista, carteira de categoria profissional reconhecida por lei ou Documento Nacional de Identidade.<\/p>\n<p>Vale lembrar que o cidad\u00e3o que sabe o local de vota\u00e7\u00e3o n\u00e3o precisa apresentar o t\u00edtulo, basta levar um desses documentos oficiais com foto. Outra op\u00e7\u00e3o \u00e9 utilizar a vers\u00e3o digital do t\u00edtulo eleitoral, que pode ser acessada pelo aplicativo e-T\u00edtulo.\u00a0<\/p>\n<p>No entanto, aqueles que desejam uma via impressa do documento\u00a0podem fazer a solicita\u00e7\u00e3o no Cart\u00f3rio Eleitoral e imprimir pelo sistema Autoatendimento Eleitoral &#8211; T\u00edtulo Net, ou pelo aplicativo e-T\u00edtulo, dispon\u00edvel para Android e iOS.\u00a0<\/p>\n<p><a href=\"https:\/\/brasil61.com\/n\/eleicoes-2024-463-mil-candidatos-concorrem-a-cargos-de-prefeitos-vices-e-vereadores-bras2412731\" target=\"_blank\" rel=\"noopener\">ELEI\u00c7\u00d5ES 2024: 463 mil candidatos concorrem a cargos de prefeitos, vices e vereadores<\/a><\/p>\n<p><a href=\"https:\/\/brasil61.com\/n\/eleicoes-2024-das-92-cidades-bilionarias-do-brasil-48-contam-com-candidatos-a-reeleicao-para-prefeito-bras2412727\" target=\"_blank\" rel=\"noopener\">ELEI\u00c7\u00d5ES 2024: Das 92 cidades bilion\u00e1rias do Brasil, 48 contam com candidatos \u00e0 reelei\u00e7\u00e3o para prefeito<\/a><\/p>\n<h2>Elei\u00e7\u00f5es 2024:\u00a0qual idade m\u00ednima para votar?<\/h2>\n<p>Para votar no Brasil, a pessoa precisa ter pelo menos 16 anos de idade completos. Nessa idade, por\u00e9m, o voto n\u00e3o \u00e9 obrigat\u00f3rio. O mesmo vale para maiores de 70 anos e pessoas analfabetas. Ou seja, de maneira geral, no pa\u00eds, o voto \u00e9 obrigat\u00f3rio para brasileiros alfabetizados, maiores de 18 anos e menores de 70 anos.<\/p>\n<h2>Elei\u00e7\u00f5es 2024:\u00a0como justificar a aus\u00eancia?<\/h2>\n<p>Se, por acaso, no dia da vota\u00e7\u00e3o, o eleitor n\u00e3o puder comparecer \u00e0 sua respectiva sess\u00e3o para votar, \u00e9 preciso justificar essa aus\u00eancia. Para isso, o cidad\u00e3o pode apresentar a motiva\u00e7\u00e3o em uma das seguintes op\u00e7\u00f5es:\u00a0<\/p>\n<ul>\n<li>aplicativo e-T\u00edtulo: baixe nas Plataformas Android e iOS; \u00a0<\/li>\n<li>formul\u00e1rio Requerimento de Justificativa Eleitoral (formato PDF): apresente preenchido nas mesas receptoras de votos ou de justificativas instaladas para essa finalidade nos locais divulgados pelos Tribunais Regionais Eleitorais e pelos Cart\u00f3rios Eleitorais (consulta a zonas eleitorais).<\/li>\n<\/ul>\n<p>Em rela\u00e7\u00e3o ao primeiro turno, as vota\u00e7\u00f5es v\u00e3o ocorrer neste domingo (6). J\u00e1 no segundo turno \u2013 que s\u00f3 ocorre em munic\u00edpios com mais de 200 mil eleitores &#8211; as vota\u00e7\u00f5es ser\u00e3o em 27 de outubro. Para ambos os casos, o hor\u00e1rio de vota\u00e7\u00e3o \u00e9 das 8h \u00e0s 17h, hor\u00e1rio de Bras\u00edlia.\u00a0<br \/>\n\u00a0<\/p>\n<p>\t\t\t\t\t\t\t\t\t<img loading=\"lazy\" decoding=\"async\" src=\"https:\/\/brasil61.com\/api\/v1\/serve_pixel\/17677\/77829\" alt=\"Pixel Brasil 61\" class=\"b61_pixel\" width=\"0\" height=\"0\"><\/p>\n<input type=\"hidden\" id=\"baseurl\" value=\"https:\/\/noticiasdestaque.com.br\"><input type=\"hidden\" id=\"audio_nonce\" value=\"6a24ca502e\">","protected":false},"excerpt":{"rendered":"<p>No Brasil, o voto \u00e9 obrigat\u00f3rio para brasileiros alfabetizados, maiores de 18 anos e menores de 70 anos<\/p>\n","protected":false},"author":1,"featured_media":39053,"comment_status":"open","ping_status":"open","sticky":false,"template":"","format":"standard","meta":{"fifu_image_url":"","fifu_image_alt":"","footnotes":""},"categories":[50],"tags":[],"class_list":["post-39052","post","type-post","status-publish","format-standard","has-post-thumbnail","hentry","category-politica"],"distributor_meta":false,"distributor_terms":false,"distributor_media":false,"distributor_original_site_name":"Noticias em Destaque","distributor_original_site_url":"https:\/\/noticiasdestaque.com.br","push-errors":false,"_links":{"self":[{"href":"https:\/\/noticiasdestaque.com.br\/index.php\/wp-json\/wp\/v2\/posts\/39052","targetHints":{"allow":["GET"]}}],"collection":[{"href":"https:\/\/noticiasdestaque.com.br\/index.php\/wp-json\/wp\/v2\/posts"}],"about":[{"href":"https:\/\/noticiasdestaque.com.br\/index.php\/wp-json\/wp\/v2\/types\/post"}],"author":[{"embeddable":true,"href":"https:\/\/noticiasdestaque.com.br\/index.php\/wp-json\/wp\/v2\/users\/1"}],"replies":[{"embeddable":true,"href":"https:\/\/noticiasdestaque.com.br\/index.php\/wp-json\/wp\/v2\/comments?post=39052"}],"version-history":[{"count":0,"href":"https:\/\/noticiasdestaque.com.br\/index.php\/wp-json\/wp\/v2\/posts\/39052\/revisions"}],"wp:featuredmedia":[{"embeddable":true,"href":"https:\/\/noticiasdestaque.com.br\/index.php\/wp-json\/wp\/v2\/media\/39053"}],"wp:attachment":[{"href":"https:\/\/noticiasdestaque.com.br\/index.php\/wp-json\/wp\/v2\/media?parent=39052"}],"wp:term":[{"taxonomy":"category","embeddable":true,"href":"https:\/\/noticiasdestaque.com.br\/index.php\/wp-json\/wp\/v2\/categories?post=39052"},{"taxonomy":"post_tag","embeddable":true,"href":"https:\/\/noticiasdestaque.com.br\/index.php\/wp-json\/wp\/v2\/tags?post=39052"}],"curies":[{"name":"wp","href":"https:\/\/api.w.org\/{rel}","templated":true}]}}