{"id":39033,"date":"2024-10-09T04:01:00","date_gmt":"2024-10-09T07:01:00","guid":{"rendered":"https:\/\/noticiasdestaque.com.br\/index.php\/2024\/10\/09\/industria-emprego-cresce-31-em-agosto-membro-da-cni-preve-crescimento-modesto-no-2o-semestre\/"},"modified":"2024-10-09T04:01:00","modified_gmt":"2024-10-09T07:01:00","slug":"industria-emprego-cresce-31-em-agosto-membro-da-cni-preve-crescimento-modesto-no-2o-semestre","status":"publish","type":"post","link":"https:\/\/noticiasdestaque.com.br\/index.php\/2024\/10\/09\/industria-emprego-cresce-31-em-agosto-membro-da-cni-preve-crescimento-modesto-no-2o-semestre\/","title":{"rendered":"Ind\u00fastria: emprego cresce 3,1% em agosto; membro da CNI prev\u00ea crescimento modesto no 2\u00ba semestre"},"content":{"rendered":"<p>\t\t\t\t\t\t\t\t\t\t<audio controls class=\"b61_audio_player\" data-noticia=\"77881\" src=\"https:\/\/brasil61.com\/rails\/active_storage\/blobs\/eyJfcmFpbHMiOnsibWVzc2FnZSI6IkJBaHBBNmtJQXc9PSIsImV4cCI6bnVsbCwicHVyIjoiYmxvYl9pZCJ9fQ==--03f50ad698d5d46621906a566222ffcef0cc6ab0\/BRAS2412783A\"><\/audio><\/p>\n<p>O term\u00f4metro da economia traz resultados favor\u00e1veis com rela\u00e7\u00e3o aos n\u00fameros de agosto. \u00c9 o que mostra \u00a0a pesquisa Indicadores Industriais, da Confedera\u00e7\u00e3o Nacional da Ind\u00fastria (CNI). Todos os indicadores que medem o desempenho do mercado de trabalho cresceram \u2014 emprego, massa salarial e rendimento m\u00e9dio do trabalhador \u2014 entre julho e agosto.\u00a0<\/p>\n<p>Um dos dados mais importantes vem do emprego \u2014 que h\u00e1 11 meses n\u00e3o registra resultados negativos. Entre julho e agosto\u00a0a alta foi de 0,4%, mas na compara\u00e7\u00e3o com agosto de 2023, o incremento chegou a 3,1% no n\u00famero de postos de trabalho.<\/p>\n<h2>Massa salarial e rendimento m\u00e9dio dos trabalhadores<\/h2>\n<p>O desempenho de maior destaque ficou com a massa salarial dos empregados da ind\u00fastria de transforma\u00e7\u00e3o, que subiu 1,5% entre julho e agosto. No comparativo com o ano passado, o aumento foi de 1,7%. No acumulado do ano, a alta j\u00e1 chega a 3,3%.<\/p>\n<p>Os n\u00fameros mostram, tamb\u00e9m, que o trabalhador da ind\u00fastria est\u00e1 ganhando melhor \u2014 com avan\u00e7o de 1,1% no rendimento m\u00e9dio entre os meses avaliados.\u00a0<\/p>\n<h2>Estabilidade da atividade industrial<\/h2>\n<p>Indicadores como o faturamento real das empresas e as horas trabalhadas na produ\u00e7\u00e3o mantiveram estabilidade entre julho e agosto, revela a pesquisa. O faturamento cresceu 0,7% e as horas 0,1%. Mas quando a compara\u00e7\u00e3o \u00e9 com 2023, houve alta de 5,3% e 4,8%, respectivamente, entre os dois indicadores.<\/p>\n<p>Para a economista da CNI, Larissa Nicko, mesmo com a estabilidade registrada nesses indicadores, h\u00e1 elementos que mostram que o segundo semestre deve ser de avan\u00e7os.\u00a0<\/p>\n<p>\u201cEmbora na passagem de julho para agosto os indicadores relacionados \u00e0 atividade industrial tenham mostrado relativa estabilidade, \u00e9 cedo para dizer se isso \u00e9 o in\u00edcio de uma nova trajet\u00f3ria. Isso porque o primeiro semestre veio forte para ind\u00fastria de transforma\u00e7\u00e3o e existem elementos para n\u00f3s acreditarmos que o segundo semestre tamb\u00e9m ser\u00e1 de crescimento, embora um crescimento mais modesto em rela\u00e7\u00e3o ao que se apresentou no primeiro semestre.\u201d<\/p>\n<p>Ideia que \u00e9 refor\u00e7ada pela demanda por bens industriais e pelo pr\u00f3prio mercado de trabalho aquecido, acrescenta a economista.\u00a0<\/p>\n<p>A pesquisa mensal da CNI \u00e9 importante para indicar como a atividade industrial vem se comportando em diversos pontos fundamentais, como faturamento, horas trabalhadas e rendimento m\u00e9dio. Os estados pesquisados respondem por mais de 90% do produto industrial do pa\u00eds.\u00a0<br \/>\n\u00a0<\/p>\n<p>\t\t\t\t\t\t\t\t\t<img loading=\"lazy\" decoding=\"async\" src=\"https:\/\/brasil61.com\/api\/v1\/serve_pixel\/17677\/77881\" alt=\"Pixel Brasil 61\" class=\"b61_pixel\" width=\"0\" height=\"0\"><\/p>\n<input type=\"hidden\" id=\"baseurl\" value=\"https:\/\/noticiasdestaque.com.br\"><input type=\"hidden\" id=\"audio_nonce\" value=\"5128c810d9\">","protected":false},"excerpt":{"rendered":"<p>Cresceram empregos, massa salarial e rendimento dos trabalhadores <\/p>\n","protected":false},"author":1,"featured_media":39034,"comment_status":"open","ping_status":"open","sticky":false,"template":"","format":"standard","meta":{"fifu_image_url":"","fifu_image_alt":"","footnotes":""},"categories":[59],"tags":[],"class_list":["post-39033","post","type-post","status-publish","format-standard","has-post-thumbnail","hentry","category-economia"],"distributor_meta":false,"distributor_terms":false,"distributor_media":false,"distributor_original_site_name":"Noticias em Destaque","distributor_original_site_url":"https:\/\/noticiasdestaque.com.br","push-errors":false,"_links":{"self":[{"href":"https:\/\/noticiasdestaque.com.br\/index.php\/wp-json\/wp\/v2\/posts\/39033","targetHints":{"allow":["GET"]}}],"collection":[{"href":"https:\/\/noticiasdestaque.com.br\/index.php\/wp-json\/wp\/v2\/posts"}],"about":[{"href":"https:\/\/noticiasdestaque.com.br\/index.php\/wp-json\/wp\/v2\/types\/post"}],"author":[{"embeddable":true,"href":"https:\/\/noticiasdestaque.com.br\/index.php\/wp-json\/wp\/v2\/users\/1"}],"replies":[{"embeddable":true,"href":"https:\/\/noticiasdestaque.com.br\/index.php\/wp-json\/wp\/v2\/comments?post=39033"}],"version-history":[{"count":0,"href":"https:\/\/noticiasdestaque.com.br\/index.php\/wp-json\/wp\/v2\/posts\/39033\/revisions"}],"wp:featuredmedia":[{"embeddable":true,"href":"https:\/\/noticiasdestaque.com.br\/index.php\/wp-json\/wp\/v2\/media\/39034"}],"wp:attachment":[{"href":"https:\/\/noticiasdestaque.com.br\/index.php\/wp-json\/wp\/v2\/media?parent=39033"}],"wp:term":[{"taxonomy":"category","embeddable":true,"href":"https:\/\/noticiasdestaque.com.br\/index.php\/wp-json\/wp\/v2\/categories?post=39033"},{"taxonomy":"post_tag","embeddable":true,"href":"https:\/\/noticiasdestaque.com.br\/index.php\/wp-json\/wp\/v2\/tags?post=39033"}],"curies":[{"name":"wp","href":"https:\/\/api.w.org\/{rel}","templated":true}]}}