{"id":39029,"date":"2024-10-08T03:40:00","date_gmt":"2024-10-08T06:40:00","guid":{"rendered":"https:\/\/noticiasdestaque.com.br\/index.php\/2024\/10\/08\/preco-da-soja-em-leve-queda\/"},"modified":"2024-10-08T03:40:00","modified_gmt":"2024-10-08T06:40:00","slug":"preco-da-soja-em-leve-queda","status":"publish","type":"post","link":"https:\/\/noticiasdestaque.com.br\/index.php\/2024\/10\/08\/preco-da-soja-em-leve-queda\/","title":{"rendered":"Pre\u00e7o da soja em leve queda"},"content":{"rendered":"<p>\t\t\t\t\t\t\t\t\t\t<audio controls class=\"b61_audio_player\" data-noticia=\"77873\" src=\"https:\/\/brasil61.com\/rails\/active_storage\/blobs\/eyJfcmFpbHMiOnsibWVzc2FnZSI6IkJBaHBBNGNJQXc9PSIsImV4cCI6bnVsbCwicHVyIjoiYmxvYl9pZCJ9fQ==--6e5674d874fe3461f6968bacc541ef118bd029b9\/BRAS2412782A\"><\/audio><\/p>\n<p dir=\"ltr\"><b id=\"docs-internal-guid-1057f102-7fff-fc4c-4ca8-bb8812c20dd2\">A saca de 60 quilos de soja custa R$ 139,40, nesta ter\u00e7a-feira (8), em queda de 0,51% em rela\u00e7\u00e3o ao \u00faltimo fechamento em diferentes regi\u00f5es do interior do Paran\u00e1. No litoral paranaense tamb\u00e9m houve baixa de pre\u00e7os. Hoje, a saca \u00e9 negociada a R$ 140,72 em Paranagu\u00e1.\u00a0<\/b><\/p>\n<p dir=\"ltr\"><b id=\"docs-internal-guid-1057f102-7fff-fc4c-4ca8-bb8812c20dd2\">Para o trigo, no Paran\u00e1, houve baixa de 0,20% no \u00faltimo fechamento, a R$ 1.441,95\/tonelada.\u00a0<\/b><\/p>\n<p dir=\"ltr\"><b id=\"docs-internal-guid-1057f102-7fff-fc4c-4ca8-bb8812c20dd2\">No Rio Grande do Sul, o pre\u00e7o voltou a subir depois de sucessivas quedas e a commodity \u00e9 negociada a R$ 1.300,23\/tonelada.\u00a0<\/b><\/p>\n<p dir=\"ltr\"><b id=\"docs-internal-guid-1057f102-7fff-fc4c-4ca8-bb8812c20dd2\">Os valores s\u00e3o do Cepea.<\/b><\/p>\n<p dir=\"ltr\">\u00a0<\/p>\n<p>\n\u00a0<\/p>\n<p>\t\t\t\t\t\t\t\t\t<img loading=\"lazy\" decoding=\"async\" src=\"https:\/\/brasil61.com\/api\/v1\/serve_pixel\/17677\/77873\" alt=\"Pixel Brasil 61\" class=\"b61_pixel\" width=\"0\" height=\"0\"><\/p>\n<input type=\"hidden\" id=\"baseurl\" value=\"https:\/\/noticiasdestaque.com.br\"><input type=\"hidden\" id=\"audio_nonce\" value=\"6a24ca502e\">","protected":false},"excerpt":{"rendered":"<p>No Paran\u00e1, o gr\u00e3o \u00e9 cotado a R$ 139,40<\/p>\n","protected":false},"author":1,"featured_media":39030,"comment_status":"open","ping_status":"open","sticky":false,"template":"","format":"standard","meta":{"fifu_image_url":"","fifu_image_alt":"","footnotes":""},"categories":[59],"tags":[],"class_list":["post-39029","post","type-post","status-publish","format-standard","has-post-thumbnail","hentry","category-economia"],"distributor_meta":false,"distributor_terms":false,"distributor_media":false,"distributor_original_site_name":"Noticias em Destaque","distributor_original_site_url":"https:\/\/noticiasdestaque.com.br","push-errors":false,"_links":{"self":[{"href":"https:\/\/noticiasdestaque.com.br\/index.php\/wp-json\/wp\/v2\/posts\/39029","targetHints":{"allow":["GET"]}}],"collection":[{"href":"https:\/\/noticiasdestaque.com.br\/index.php\/wp-json\/wp\/v2\/posts"}],"about":[{"href":"https:\/\/noticiasdestaque.com.br\/index.php\/wp-json\/wp\/v2\/types\/post"}],"author":[{"embeddable":true,"href":"https:\/\/noticiasdestaque.com.br\/index.php\/wp-json\/wp\/v2\/users\/1"}],"replies":[{"embeddable":true,"href":"https:\/\/noticiasdestaque.com.br\/index.php\/wp-json\/wp\/v2\/comments?post=39029"}],"version-history":[{"count":0,"href":"https:\/\/noticiasdestaque.com.br\/index.php\/wp-json\/wp\/v2\/posts\/39029\/revisions"}],"wp:featuredmedia":[{"embeddable":true,"href":"https:\/\/noticiasdestaque.com.br\/index.php\/wp-json\/wp\/v2\/media\/39030"}],"wp:attachment":[{"href":"https:\/\/noticiasdestaque.com.br\/index.php\/wp-json\/wp\/v2\/media?parent=39029"}],"wp:term":[{"taxonomy":"category","embeddable":true,"href":"https:\/\/noticiasdestaque.com.br\/index.php\/wp-json\/wp\/v2\/categories?post=39029"},{"taxonomy":"post_tag","embeddable":true,"href":"https:\/\/noticiasdestaque.com.br\/index.php\/wp-json\/wp\/v2\/tags?post=39029"}],"curies":[{"name":"wp","href":"https:\/\/api.w.org\/{rel}","templated":true}]}}