{"id":39021,"date":"2024-10-08T03:00:00","date_gmt":"2024-10-08T06:00:00","guid":{"rendered":"https:\/\/noticiasdestaque.com.br\/index.php\/2024\/10\/08\/energia-eletrica-encarece-com-bandeira-vermelha-patamar-2-em-outubro\/"},"modified":"2024-10-08T03:00:00","modified_gmt":"2024-10-08T06:00:00","slug":"energia-eletrica-encarece-com-bandeira-vermelha-patamar-2-em-outubro","status":"publish","type":"post","link":"https:\/\/noticiasdestaque.com.br\/index.php\/2024\/10\/08\/energia-eletrica-encarece-com-bandeira-vermelha-patamar-2-em-outubro\/","title":{"rendered":"Energia el\u00e9trica encarece com bandeira vermelha patamar 2, em outubro"},"content":{"rendered":"<p>\t\t\t\t\t\t\t\t\t\t<audio controls class=\"b61_audio_player\" data-noticia=\"77868\" src=\"https:\/\/brasil61.com\/rails\/active_storage\/blobs\/eyJfcmFpbHMiOnsibWVzc2FnZSI6IkJBaHBBMzhJQXc9PSIsImV4cCI6bnVsbCwicHVyIjoiYmxvYl9pZCJ9fQ==--e30694978cdfe1a4a1b5220b1394238954a9d0c8\/BRAS2412778A\"><\/audio><\/p>\n<p>Em outubro, a bandeira tarif\u00e1ria das contas de energia el\u00e9trica ser\u00e1 vermelha patamar 2. A determina\u00e7\u00e3o foi anunciada pela Ag\u00eancia Nacional de Energia El\u00e9trica (Aneel). Isso significa que haver\u00e1 um custo adicional de R$ 7,87 para cada 100 quilowatts-hora consumidos.<\/p>\n<p>Segundo a Aneel, o aumento na tarifa foi motivado pela previs\u00e3o de chuvas abaixo da m\u00e9dia nos reservat\u00f3rios das hidrel\u00e9tricas, o que provoca o acionamento das usinas termel\u00e9tricas, que s\u00e3o mais caras para produzir energia.<\/p>\n<p>Essa \u00e9 a primeira vez desde agosto de 2021 que a bandeira vermelha patamar 2 \u00e9 acionada. Desde ent\u00e3o, houve uma sequ\u00eancia de bandeiras verdes, quando n\u00e3o h\u00e1 cobran\u00e7a extra da fatura de energia el\u00e9trica. Apenas em julho deste ano os boletos vieram com bandeira amarela (R$ 1,88 a cada 100 kWh consumidos), seguidos por bandeira verde novamente em agosto e bandeira vermelha patamar 1 em setembro (R$ 4,46 a cada 100 kWh consumidos).<\/p>\n<h2>Bandeiras tarif\u00e1rias<\/h2>\n<p>O professor do Departamento de Engenharia El\u00e9trica da Universidade de Bras\u00edlia (UnB) Ivan Camargo explica que o esquema de bandeiras tarif\u00e1rias permite que o consumidor saiba com anteced\u00eancia quando a cobran\u00e7a ser\u00e1 mais cara.<\/p>\n<p>\u201cAntigamente, antes do uso da bandeira tarif\u00e1ria, o consumidor s\u00f3 saberia que a energia estava cara no ano seguinte, no reajuste da conta de luz. Hoje, temos um sinal instant\u00e2neo. A gente sabe que, nesse m\u00eas de setembro, teremos o custo da energia mais cara. \u00c9 uma forma de indicar ao consumidor que, nesse per\u00edodo do ano, per\u00edodo historicamente seco, n\u00f3s teremos uma energia mais cara devido ao uso das termoel\u00e9tricas.\u201d<\/p>\n<p>Segundo a Aneel, antes do esquema de bandeiras, o repasse dos custos de acionamento das termel\u00e9tricas na seca, por exemplo, era feito apenas no reajuste tarif\u00e1rio anual. Dessa forma, o brasileiro n\u00e3o sabia quando deveria diminuir o consumo.<\/p>\n<p>Mas, para o professor Ivan Camargo, o uso consciente de energia el\u00e9trica deve ser feito o ano todo, independentemente da bandeira tarif\u00e1ria em vig\u00eancia.<\/p>\n<p>\u201cN\u00f3s estamos passando por um per\u00edodo dific\u00edlimo. O pessoal chama de transi\u00e7\u00e3o energ\u00e9tica, os problemas clim\u00e1ticos que estamos sofrendo. Todo consumidor consciente tem que economizar energia porque a produ\u00e7\u00e3o da energia el\u00e9trica, ou qualquer outra energia, produz efeitos clim\u00e1ticos e ambientais, de forma que o consumo tem que ser sempre consciente.\u201d<\/p>\n<p>Entre as principais recomenda\u00e7\u00f5es para evitar o desperd\u00edcio da energia el\u00e9trica est\u00e3o:\u00a0<\/p>\n<ul>\n<li>evite tomar banhos longos em chuveiro el\u00e9trico;<\/li>\n<li>n\u00e3o deixe luzes acesas durante o dia ou em ambientes desocupados;<\/li>\n<li>opte por comprar aparelhos com o selo de efici\u00eancia A do Inmetro e l\u00e2mpadas de LED, que s\u00e3o mais eficientes e gastam menos;<\/li>\n<li>acumule roupas para lavar e passar de uma vez;<\/li>\n<li>priorize a ilumina\u00e7\u00e3o e ventila\u00e7\u00e3o natural, entre outras.<\/li>\n<\/ul>\n<p><strong><a href=\"https:\/\/brasil61.com\/n\/energia-aneel-aciona-bandeira-vermelha-patamar-1-apos-correcoes-do-ons-bras2412569\" target=\"_blank\" rel=\"noopener\">Energia: Aneel aciona bandeira vermelha patamar 1 ap\u00f3s corre\u00e7\u00f5es do ONS<\/a><\/strong><\/p>\n<p><strong><a href=\"https:\/\/brasil61.com\/n\/horario-de-verao-medida-sera-retomada-em-2024-entenda-como-funciona-bras2412672\" target=\"_blank\" rel=\"noopener\">Hor\u00e1rio de Ver\u00e3o: medida ser\u00e1 retomada em 2024? Entenda como funciona<\/a><\/strong><\/p>\n<p>\t\t\t\t\t\t\t\t\t<img loading=\"lazy\" decoding=\"async\" src=\"https:\/\/brasil61.com\/api\/v1\/serve_pixel\/17677\/77868\" alt=\"Pixel Brasil 61\" class=\"b61_pixel\" width=\"0\" height=\"0\"><\/p>\n<input type=\"hidden\" id=\"baseurl\" value=\"https:\/\/noticiasdestaque.com.br\"><input type=\"hidden\" id=\"audio_nonce\" value=\"6f73a554f1\">","protected":false},"excerpt":{"rendered":"<p>Segundo o esquema de cobran\u00e7a da Aneel, o acr\u00e9scimo nas tarifas ser\u00e1 de aproximadamente R$ 7,87 a cada 100 kWh consumidos<\/p>\n","protected":false},"author":1,"featured_media":39022,"comment_status":"open","ping_status":"open","sticky":false,"template":"","format":"standard","meta":{"fifu_image_url":"","fifu_image_alt":"","footnotes":""},"categories":[59],"tags":[],"class_list":["post-39021","post","type-post","status-publish","format-standard","has-post-thumbnail","hentry","category-economia"],"distributor_meta":false,"distributor_terms":false,"distributor_media":false,"distributor_original_site_name":"Noticias em Destaque","distributor_original_site_url":"https:\/\/noticiasdestaque.com.br","push-errors":false,"_links":{"self":[{"href":"https:\/\/noticiasdestaque.com.br\/index.php\/wp-json\/wp\/v2\/posts\/39021","targetHints":{"allow":["GET"]}}],"collection":[{"href":"https:\/\/noticiasdestaque.com.br\/index.php\/wp-json\/wp\/v2\/posts"}],"about":[{"href":"https:\/\/noticiasdestaque.com.br\/index.php\/wp-json\/wp\/v2\/types\/post"}],"author":[{"embeddable":true,"href":"https:\/\/noticiasdestaque.com.br\/index.php\/wp-json\/wp\/v2\/users\/1"}],"replies":[{"embeddable":true,"href":"https:\/\/noticiasdestaque.com.br\/index.php\/wp-json\/wp\/v2\/comments?post=39021"}],"version-history":[{"count":0,"href":"https:\/\/noticiasdestaque.com.br\/index.php\/wp-json\/wp\/v2\/posts\/39021\/revisions"}],"wp:featuredmedia":[{"embeddable":true,"href":"https:\/\/noticiasdestaque.com.br\/index.php\/wp-json\/wp\/v2\/media\/39022"}],"wp:attachment":[{"href":"https:\/\/noticiasdestaque.com.br\/index.php\/wp-json\/wp\/v2\/media?parent=39021"}],"wp:term":[{"taxonomy":"category","embeddable":true,"href":"https:\/\/noticiasdestaque.com.br\/index.php\/wp-json\/wp\/v2\/categories?post=39021"},{"taxonomy":"post_tag","embeddable":true,"href":"https:\/\/noticiasdestaque.com.br\/index.php\/wp-json\/wp\/v2\/tags?post=39021"}],"curies":[{"name":"wp","href":"https:\/\/api.w.org\/{rel}","templated":true}]}}