{"id":38969,"date":"2024-10-06T18:00:00","date_gmt":"2024-10-06T21:00:00","guid":{"rendered":"https:\/\/noticiasdestaque.com.br\/index.php\/2024\/10\/06\/previsao-do-tempo-alerta-de-baixa-umidade-para-areas-de-mg-e-sp\/"},"modified":"2024-10-06T18:00:00","modified_gmt":"2024-10-06T21:00:00","slug":"previsao-do-tempo-alerta-de-baixa-umidade-para-areas-de-mg-e-sp","status":"publish","type":"post","link":"https:\/\/noticiasdestaque.com.br\/index.php\/2024\/10\/06\/previsao-do-tempo-alerta-de-baixa-umidade-para-areas-de-mg-e-sp\/","title":{"rendered":"PREVIS\u00c3O DO TEMPO: Alerta de baixa umidade para \u00e1reas de MG e SP"},"content":{"rendered":"<p>\t\t\t\t\t\t\t\t\t\t<audio controls class=\"b61_audio_player\" data-noticia=\"77846\" src=\"https:\/\/brasil61.com\/rails\/active_storage\/blobs\/eyJfcmFpbHMiOnsibWVzc2FnZSI6IkJBaHBBMElJQXc9PSIsImV4cCI6bnVsbCwicHVyIjoiYmxvYl9pZCJ9fQ==--31a1fbf3c8e589d113c3136e6f787cd940e1268a\/PTRS243724A\"><\/audio><\/p>\n<p>A previs\u00e3o para esta segunda-feira (7) \u00e9 de tempo seco em regi\u00f5es de Minas Gerais e S\u00e3o Paulo. O Instituto Nacional de Meteorologia, o Inmet, emitiu um alerta de baixa umidade do ar para a Metropolitana de Belo Horizonte, Tri\u00e2ngulo Mineiro, Alto Parana\u00edba, Campo das Vertentes, Central Mineira, Oeste, Sudoeste, Sul, Noroeste e Norte de Minas.<\/p>\n<p>O mesmo alerta vale para a Macro Metropolitana Paulista, Presidente Prudente, S\u00e3o Jos\u00e9 do Rio Preto e Campinas.\u00a0<\/p>\n<p>Nessas localidades, a umidade relativa do ar pode variar entre 30% e 20%.\u00a0<\/p>\n<p>No Rio de Janeiro e Esp\u00edrito Santo, o tempo deve variar entre poucas e muitas nuvens.<\/p>\n<p>Em Vit\u00f3ria (ES), temperatura m\u00ednima de 17 \u00baC e m\u00e1xima de 26\u00baC. No Rio de Janeiro (RJ), m\u00ednima de 17\u00baC e m\u00e1xima de 31\u00baC. Em S\u00e3o Paulo (SP), m\u00ednima de 13\u00baC e m\u00e1xima de 29\u00baC. M\u00ednima de 17\u00baC e m\u00e1xima de 33\u00baC, em Belo Horizonte (MG).<\/p>\n<p>As informa\u00e7\u00f5es s\u00e3o do Instituto Nacional de Meteorologia.<\/p>\n<p>\u00a0<\/p>\n<p>\t\t\t\t\t\t\t\t\t<img loading=\"lazy\" decoding=\"async\" src=\"https:\/\/brasil61.com\/api\/v1\/serve_pixel\/17677\/77846\" alt=\"Pixel Brasil 61\" class=\"b61_pixel\" width=\"0\" height=\"0\"><\/p>\n<input type=\"hidden\" id=\"baseurl\" value=\"https:\/\/noticiasdestaque.com.br\"><input type=\"hidden\" id=\"audio_nonce\" value=\"6f73a554f1\">","protected":false},"excerpt":{"rendered":"<p>No Rio de Janeiro e Esp\u00edrito Santo, o tempo deve variar entre poucas e muitas nuvens.<\/p>\n","protected":false},"author":1,"featured_media":38970,"comment_status":"open","ping_status":"open","sticky":false,"template":"","format":"standard","meta":{"fifu_image_url":"","fifu_image_alt":"","footnotes":""},"categories":[58],"tags":[],"class_list":["post-38969","post","type-post","status-publish","format-standard","has-post-thumbnail","hentry","category-cotidiano"],"distributor_meta":false,"distributor_terms":false,"distributor_media":false,"distributor_original_site_name":"Noticias em Destaque","distributor_original_site_url":"https:\/\/noticiasdestaque.com.br","push-errors":false,"_links":{"self":[{"href":"https:\/\/noticiasdestaque.com.br\/index.php\/wp-json\/wp\/v2\/posts\/38969","targetHints":{"allow":["GET"]}}],"collection":[{"href":"https:\/\/noticiasdestaque.com.br\/index.php\/wp-json\/wp\/v2\/posts"}],"about":[{"href":"https:\/\/noticiasdestaque.com.br\/index.php\/wp-json\/wp\/v2\/types\/post"}],"author":[{"embeddable":true,"href":"https:\/\/noticiasdestaque.com.br\/index.php\/wp-json\/wp\/v2\/users\/1"}],"replies":[{"embeddable":true,"href":"https:\/\/noticiasdestaque.com.br\/index.php\/wp-json\/wp\/v2\/comments?post=38969"}],"version-history":[{"count":0,"href":"https:\/\/noticiasdestaque.com.br\/index.php\/wp-json\/wp\/v2\/posts\/38969\/revisions"}],"wp:featuredmedia":[{"embeddable":true,"href":"https:\/\/noticiasdestaque.com.br\/index.php\/wp-json\/wp\/v2\/media\/38970"}],"wp:attachment":[{"href":"https:\/\/noticiasdestaque.com.br\/index.php\/wp-json\/wp\/v2\/media?parent=38969"}],"wp:term":[{"taxonomy":"category","embeddable":true,"href":"https:\/\/noticiasdestaque.com.br\/index.php\/wp-json\/wp\/v2\/categories?post=38969"},{"taxonomy":"post_tag","embeddable":true,"href":"https:\/\/noticiasdestaque.com.br\/index.php\/wp-json\/wp\/v2\/tags?post=38969"}],"curies":[{"name":"wp","href":"https:\/\/api.w.org\/{rel}","templated":true}]}}