{"id":38967,"date":"2024-10-06T18:00:00","date_gmt":"2024-10-06T21:00:00","guid":{"rendered":"https:\/\/noticiasdestaque.com.br\/index.php\/2024\/10\/06\/previsao-do-tempo-baixa-umidade-e-nevoa-seca-em-go-df-e-areas-do-mt-e-ms\/"},"modified":"2024-10-06T18:00:00","modified_gmt":"2024-10-06T21:00:00","slug":"previsao-do-tempo-baixa-umidade-e-nevoa-seca-em-go-df-e-areas-do-mt-e-ms","status":"publish","type":"post","link":"https:\/\/noticiasdestaque.com.br\/index.php\/2024\/10\/06\/previsao-do-tempo-baixa-umidade-e-nevoa-seca-em-go-df-e-areas-do-mt-e-ms\/","title":{"rendered":"PREVIS\u00c3O DO TEMPO: Baixa umidade e n\u00e9voa seca em GO, DF e \u00e1reas do MT e MS"},"content":{"rendered":"<p>\t\t\t\t\t\t\t\t\t\t<audio controls class=\"b61_audio_player\" data-noticia=\"77845\" src=\"https:\/\/brasil61.com\/rails\/active_storage\/blobs\/eyJfcmFpbHMiOnsibWVzc2FnZSI6IkJBaHBBMEVJQXc9PSIsImV4cCI6bnVsbCwicHVyIjoiYmxvYl9pZCJ9fQ==--19088a04b9c6d579a2371224caac1f1445798299\/PTCO243857A\"><\/audio><\/p>\n<p>A previs\u00e3o para esta segunda-feira (7) \u00e9 de mais um dia de tempo seco no Distrito Federal em regi\u00f5es de Goi\u00e1s, Mato Grosso e Mato Grosso do Sul. O Instituto Nacional de Meteorologia, o Inmet, emitiu um alerta de baixa umidade do ar para o Centro, Leste, Sul, Norte e Noroeste goianos e para o Sudeste, Nordeste e Centro-Sul mato-grossense.<\/p>\n<p>O mesmo alerta vale para as seguintes regi\u00f5es do Mato Grosso do Sul: Leste, Sudoeste, Centro Norte e Pantanais.<\/p>\n<p>Nessas localidades, a umidade relativa do ar pode variar entre 30% e 20%.\u00a0<\/p>\n<p>Pela manh\u00e3 e tarde, predom\u00ednio do tempo com poucas nuvens e n\u00e9voa seca no Sul do Mato Grosso, DF, Goi\u00e1s e no norte do Mato Grosso do Sul.<\/p>\n<p>Em Bras\u00edlia (DF), temperatura m\u00ednima de 21\u00baC e m\u00e1xima de 35\u00baC. Em Goi\u00e2nia (GO), m\u00ednima de 24\u00baC e m\u00e1xima de 38\u00baC. Em Campo Grande (MS), m\u00ednima de 21\u00baC e m\u00e1xima de 40\u00baC. M\u00ednima de 25\u00baC e m\u00e1xima de 41\u00baC, em Cuiab\u00e1 (MT).<\/p>\n<p>As informa\u00e7\u00f5es s\u00e3o do Instituto Nacional de Meteorologia.<\/p>\n<p>\u00a0<\/p>\n<p>\t\t\t\t\t\t\t\t\t<img loading=\"lazy\" decoding=\"async\" src=\"https:\/\/brasil61.com\/api\/v1\/serve_pixel\/17677\/77845\" alt=\"Pixel Brasil 61\" class=\"b61_pixel\" width=\"0\" height=\"0\"><\/p>\n<input type=\"hidden\" id=\"baseurl\" value=\"https:\/\/noticiasdestaque.com.br\"><input type=\"hidden\" id=\"audio_nonce\" value=\"6f73a554f1\">","protected":false},"excerpt":{"rendered":"<p>Pela manh\u00e3 e tarde, predom\u00ednio do tempo com poucas nuvens e n\u00e9voa seca no Sul do Mato Grosso, DF, Goi\u00e1s e no norte do Mato Grosso do Sul.<\/p>\n","protected":false},"author":1,"featured_media":38968,"comment_status":"open","ping_status":"open","sticky":false,"template":"","format":"standard","meta":{"fifu_image_url":"","fifu_image_alt":"","footnotes":""},"categories":[58],"tags":[],"class_list":["post-38967","post","type-post","status-publish","format-standard","has-post-thumbnail","hentry","category-cotidiano"],"distributor_meta":false,"distributor_terms":false,"distributor_media":false,"distributor_original_site_name":"Noticias em Destaque","distributor_original_site_url":"https:\/\/noticiasdestaque.com.br","push-errors":false,"_links":{"self":[{"href":"https:\/\/noticiasdestaque.com.br\/index.php\/wp-json\/wp\/v2\/posts\/38967","targetHints":{"allow":["GET"]}}],"collection":[{"href":"https:\/\/noticiasdestaque.com.br\/index.php\/wp-json\/wp\/v2\/posts"}],"about":[{"href":"https:\/\/noticiasdestaque.com.br\/index.php\/wp-json\/wp\/v2\/types\/post"}],"author":[{"embeddable":true,"href":"https:\/\/noticiasdestaque.com.br\/index.php\/wp-json\/wp\/v2\/users\/1"}],"replies":[{"embeddable":true,"href":"https:\/\/noticiasdestaque.com.br\/index.php\/wp-json\/wp\/v2\/comments?post=38967"}],"version-history":[{"count":0,"href":"https:\/\/noticiasdestaque.com.br\/index.php\/wp-json\/wp\/v2\/posts\/38967\/revisions"}],"wp:featuredmedia":[{"embeddable":true,"href":"https:\/\/noticiasdestaque.com.br\/index.php\/wp-json\/wp\/v2\/media\/38968"}],"wp:attachment":[{"href":"https:\/\/noticiasdestaque.com.br\/index.php\/wp-json\/wp\/v2\/media?parent=38967"}],"wp:term":[{"taxonomy":"category","embeddable":true,"href":"https:\/\/noticiasdestaque.com.br\/index.php\/wp-json\/wp\/v2\/categories?post=38967"},{"taxonomy":"post_tag","embeddable":true,"href":"https:\/\/noticiasdestaque.com.br\/index.php\/wp-json\/wp\/v2\/tags?post=38967"}],"curies":[{"name":"wp","href":"https:\/\/api.w.org\/{rel}","templated":true}]}}