{"id":38963,"date":"2024-10-06T18:00:00","date_gmt":"2024-10-06T21:00:00","guid":{"rendered":"https:\/\/noticiasdestaque.com.br\/index.php\/2024\/10\/06\/previsao-do-tempo-muitas-nuvens-com-pancadas-de-chuva-no-norte-nesta-segunda-feira-7\/"},"modified":"2024-10-06T18:00:00","modified_gmt":"2024-10-06T21:00:00","slug":"previsao-do-tempo-muitas-nuvens-com-pancadas-de-chuva-no-norte-nesta-segunda-feira-7","status":"publish","type":"post","link":"https:\/\/noticiasdestaque.com.br\/index.php\/2024\/10\/06\/previsao-do-tempo-muitas-nuvens-com-pancadas-de-chuva-no-norte-nesta-segunda-feira-7\/","title":{"rendered":"PREVIS\u00c3O DO TEMPO: Muitas nuvens com pancadas de chuva no Norte, nesta segunda-feira (7)"},"content":{"rendered":"<p>\t\t\t\t\t\t\t\t\t\t<audio controls class=\"b61_audio_player\" data-noticia=\"77843\" src=\"https:\/\/brasil61.com\/rails\/active_storage\/blobs\/eyJfcmFpbHMiOnsibWVzc2FnZSI6IkJBaHBBejhJQXc9PSIsImV4cCI6bnVsbCwicHVyIjoiYmxvYl9pZCJ9fQ==--0eb1b1a6b076fb1d74ec18a352faf7adfc7ed01a\/PTRN244209A\"><\/audio><\/p>\n<p>O tempo com muitas nuvens e com pancadas de chuva predomina na regi\u00e3o Norte, nesta segunda-feira (7). Essa previs\u00e3o vale para regi\u00f5es do Par\u00e1, Amazonas, Roraima, Acre, Rond\u00f4nia e parte do Tocantins.\u00a0<\/p>\n<p>A exce\u00e7\u00e3o fica por conta do Amap\u00e1 e do Baixo Amazonas e Maraj\u00f3 paraense, onde o c\u00e9u fica com muitas nuvens, sem chuvas.<\/p>\n<p>O Instituto Nacional de Meteorologia, o Inmet, emitiu um alerta de chuvas intensas para as regi\u00f5es Norte e Sul de Roraima\u00a0e para Sudoeste, Norte e Centro amazonense. Essas chuvas devem atingir munic\u00edpios como Boa Vista (RR) e Barcelos (AM).\u00a0<\/p>\n<p>Nessas localidades, a previs\u00e3o \u00e9 de chuva entre at\u00e9 50 mm\/dia e de ventos intensos, entre 40 e 60 km\/h.<\/p>\n<p>Temperaturas m\u00ednimas de 23\u00baC, em Macap\u00e1 (AP), Bel\u00e9m (PA) e Palmas (TO). M\u00e1ximas de 34\u00ba,\u00a0em Boa Vista (RR), 35\u00baC, em Rio Branco (AC), e de 38\u00baC, em Porto Velho (RO) e Manaus (AM).<\/p>\n<p>As informa\u00e7\u00f5es s\u00e3o do Instituto Nacional de Meteorologia.<\/p>\n<p>\t\t\t\t\t\t\t\t\t<img loading=\"lazy\" decoding=\"async\" src=\"https:\/\/brasil61.com\/api\/v1\/serve_pixel\/17677\/77843\" alt=\"Pixel Brasil 61\" class=\"b61_pixel\" width=\"0\" height=\"0\"><\/p>\n<input type=\"hidden\" id=\"baseurl\" value=\"https:\/\/noticiasdestaque.com.br\"><input type=\"hidden\" id=\"audio_nonce\" value=\"6f73a554f1\">","protected":false},"excerpt":{"rendered":"<p>A exce\u00e7\u00e3o fica por conta do Amap\u00e1 e do Baixo Amazonas e Maraj\u00f3 paraense, onde o c\u00e9u fica com muitas nuvens, sem chuvas<\/p>\n","protected":false},"author":1,"featured_media":38964,"comment_status":"open","ping_status":"open","sticky":false,"template":"","format":"standard","meta":{"fifu_image_url":"","fifu_image_alt":"","footnotes":""},"categories":[58],"tags":[],"class_list":["post-38963","post","type-post","status-publish","format-standard","has-post-thumbnail","hentry","category-cotidiano"],"distributor_meta":false,"distributor_terms":false,"distributor_media":false,"distributor_original_site_name":"Noticias em Destaque","distributor_original_site_url":"https:\/\/noticiasdestaque.com.br","push-errors":false,"_links":{"self":[{"href":"https:\/\/noticiasdestaque.com.br\/index.php\/wp-json\/wp\/v2\/posts\/38963","targetHints":{"allow":["GET"]}}],"collection":[{"href":"https:\/\/noticiasdestaque.com.br\/index.php\/wp-json\/wp\/v2\/posts"}],"about":[{"href":"https:\/\/noticiasdestaque.com.br\/index.php\/wp-json\/wp\/v2\/types\/post"}],"author":[{"embeddable":true,"href":"https:\/\/noticiasdestaque.com.br\/index.php\/wp-json\/wp\/v2\/users\/1"}],"replies":[{"embeddable":true,"href":"https:\/\/noticiasdestaque.com.br\/index.php\/wp-json\/wp\/v2\/comments?post=38963"}],"version-history":[{"count":0,"href":"https:\/\/noticiasdestaque.com.br\/index.php\/wp-json\/wp\/v2\/posts\/38963\/revisions"}],"wp:featuredmedia":[{"embeddable":true,"href":"https:\/\/noticiasdestaque.com.br\/index.php\/wp-json\/wp\/v2\/media\/38964"}],"wp:attachment":[{"href":"https:\/\/noticiasdestaque.com.br\/index.php\/wp-json\/wp\/v2\/media?parent=38963"}],"wp:term":[{"taxonomy":"category","embeddable":true,"href":"https:\/\/noticiasdestaque.com.br\/index.php\/wp-json\/wp\/v2\/categories?post=38963"},{"taxonomy":"post_tag","embeddable":true,"href":"https:\/\/noticiasdestaque.com.br\/index.php\/wp-json\/wp\/v2\/tags?post=38963"}],"curies":[{"name":"wp","href":"https:\/\/api.w.org\/{rel}","templated":true}]}}