{"id":38945,"date":"2024-10-06T20:16:00","date_gmt":"2024-10-06T23:16:00","guid":{"rendered":"https:\/\/noticiasdestaque.com.br\/index.php\/2024\/10\/06\/eleicoes-2024-confira-os-resultados-das-disputas-pelas-prefeituras-das-capitais-do-nordeste\/"},"modified":"2024-10-06T20:16:00","modified_gmt":"2024-10-06T23:16:00","slug":"eleicoes-2024-confira-os-resultados-das-disputas-pelas-prefeituras-das-capitais-do-nordeste","status":"publish","type":"post","link":"https:\/\/noticiasdestaque.com.br\/index.php\/2024\/10\/06\/eleicoes-2024-confira-os-resultados-das-disputas-pelas-prefeituras-das-capitais-do-nordeste\/","title":{"rendered":"Elei\u00e7\u00f5es 2024: Confira os resultados das disputas pelas prefeituras das capitais do Nordeste"},"content":{"rendered":"<p>\t\t\t\t\t\t\t\t\t\t<audio controls class=\"b61_audio_player\" data-noticia=\"77849\" src=\"https:\/\/brasil61.com\/rails\/active_storage\/blobs\/eyJfcmFpbHMiOnsibWVzc2FnZSI6IkJBaHBBMWdJQXc9PSIsImV4cCI6bnVsbCwicHVyIjoiYmxvYl9pZCJ9fQ==--4ece499953c2519d3c29ba456bcbaca09dbe9a37\/BRAS2412768A\"><\/audio><\/p>\n<p>As elei\u00e7\u00f5es municiais de 2024 j\u00e1 est\u00e3o definidas em algumas das capitais da regi\u00e3o Nordeste do pa\u00eds. Em Salvador (BA), por exemplo, o executivo local vai estar sob o comando de Bruno Reis (Uni\u00e3o Brasil), eleito com 78% votos v\u00e1lidos \u2013 um total de cerca de 1 milh\u00e3o de votos. J\u00e1 Kleber Rosa (PSOL) terminou o pleito com 10% dos votos, um pouco acima de Geraldo J\u00fanior (MDB).<\/p>\n<p>J\u00e1 em Recife (PE), quem somou mais apoiadores foi Jo\u00e3o Campos (PSB), reeleito com 78% dos votos v\u00e1lidos. Ele desbancou candidatos como Gilson Machado (PL) e Dani Portela (PSOL), que obtiveram 13% e 3% dos votos v\u00e1lidos, respectivamente.\u00a0<\/p>\n<p>Na capital sergipana, Aracaju, as elei\u00e7\u00f5es ser\u00e3o definidas em segundo turno. Emilia Correa (PL), com cerca de 41% dos votos v\u00e1lidos, e Luiz Roberto (PDT), com 23%, v\u00e3o disputar no dia 27 de outubro.\u00a0<\/p>\n<p>Em Fortaleza (CE), os candidatos Andr\u00e9 Fernandes (PL) e Evandro Leit\u00e3o (PT) v\u00e3o disputar o segundo turno das elei\u00e7\u00f5es. Fernandes terminou a elei\u00e7\u00e3o deste domingo (6) com mais de 40% dos votos v\u00e1lidos, mais de 534 mil votos. J\u00e1 o petista, com cerca de 34% dos votos v\u00e1lidos, contou com o apoio de mais de 466 mil eleitores.<\/p>\n<p>Em Natal (RN), dois candidatos tamb\u00e9m voltam \u00e0s urnas no dia 27 deste m\u00eas. S\u00e3o eles: Paulinho Freire (Uni\u00e3o), que somou mais de 170 mil votos (44%); e Nat\u00e1lia Bonavides, com cerca de 110 mil votos (28%).<\/p>\n<p>Entre os eleitores maranhenses de S\u00e3o Lu\u00eds, a escolha foi por Eduardo Braide (PSD), que permanece no comando do Executivo local ap\u00f3s ser reeleito com mais de 70% dos votos v\u00e1lidos \u2013 aproximadamente 398 mil. Ele desbancou o candidato do PSB, Duarte, que obteve cerca de 22% dos votos, ou seja, por volta de 128 mil.\u00a0<\/p>\n<p>Em Teresina (PI), o candidato eleito foi Silvio Mendes (Uni\u00e3o Brasil). Ap\u00f3s conseguir mais de 52% dos votos v\u00e1lidos, ele superou seu advers\u00e1rio nas urnas, F\u00e1bio Novo (PT), que teve 43% dos votos.\u00a0<\/p>\n<p>Na capital da Para\u00edba, Jo\u00e3o Pessoa, haver\u00e1 segundo turno. C\u00edcero Lucena (PP) e Marcelo Queiroga (PL) \u00e9 quem v\u00e3o para a disputa final. Lucena teve a maioria dos votos no primeiro turno, 49%. J\u00e1 Queiroga fechou com 21%.\u00a0<\/p>\n<p>Em Macei\u00f3 (AL) foi eleito o candidato JHC (PL), com 83% dos votos v\u00e1lidos. J\u00e1 Rafael Brito (MDB) conseguiu o apoio de apenas 12% dos eleitores.\u00a0<\/p>\n<p>\t\t\t\t\t\t\t\t\t<img loading=\"lazy\" decoding=\"async\" src=\"https:\/\/brasil61.com\/api\/v1\/serve_pixel\/17677\/77849\" alt=\"Pixel Brasil 61\" class=\"b61_pixel\" width=\"0\" height=\"0\"><\/p>\n<input type=\"hidden\" id=\"baseurl\" value=\"https:\/\/noticiasdestaque.com.br\"><input type=\"hidden\" id=\"audio_nonce\" value=\"6f73a554f1\">","protected":false},"excerpt":{"rendered":"<p>Ao todo, 4 capitais da regi\u00e3o ter\u00e3o disputa em segundo turno<\/p>\n","protected":false},"author":1,"featured_media":38946,"comment_status":"open","ping_status":"open","sticky":false,"template":"","format":"standard","meta":{"fifu_image_url":"","fifu_image_alt":"","footnotes":""},"categories":[48],"tags":[],"class_list":["post-38945","post","type-post","status-publish","format-standard","has-post-thumbnail","hentry","category-mundo"],"distributor_meta":false,"distributor_terms":false,"distributor_media":false,"distributor_original_site_name":"Noticias em Destaque","distributor_original_site_url":"https:\/\/noticiasdestaque.com.br","push-errors":false,"_links":{"self":[{"href":"https:\/\/noticiasdestaque.com.br\/index.php\/wp-json\/wp\/v2\/posts\/38945","targetHints":{"allow":["GET"]}}],"collection":[{"href":"https:\/\/noticiasdestaque.com.br\/index.php\/wp-json\/wp\/v2\/posts"}],"about":[{"href":"https:\/\/noticiasdestaque.com.br\/index.php\/wp-json\/wp\/v2\/types\/post"}],"author":[{"embeddable":true,"href":"https:\/\/noticiasdestaque.com.br\/index.php\/wp-json\/wp\/v2\/users\/1"}],"replies":[{"embeddable":true,"href":"https:\/\/noticiasdestaque.com.br\/index.php\/wp-json\/wp\/v2\/comments?post=38945"}],"version-history":[{"count":0,"href":"https:\/\/noticiasdestaque.com.br\/index.php\/wp-json\/wp\/v2\/posts\/38945\/revisions"}],"wp:featuredmedia":[{"embeddable":true,"href":"https:\/\/noticiasdestaque.com.br\/index.php\/wp-json\/wp\/v2\/media\/38946"}],"wp:attachment":[{"href":"https:\/\/noticiasdestaque.com.br\/index.php\/wp-json\/wp\/v2\/media?parent=38945"}],"wp:term":[{"taxonomy":"category","embeddable":true,"href":"https:\/\/noticiasdestaque.com.br\/index.php\/wp-json\/wp\/v2\/categories?post=38945"},{"taxonomy":"post_tag","embeddable":true,"href":"https:\/\/noticiasdestaque.com.br\/index.php\/wp-json\/wp\/v2\/tags?post=38945"}],"curies":[{"name":"wp","href":"https:\/\/api.w.org\/{rel}","templated":true}]}}