{"id":38938,"date":"2024-10-06T04:02:00","date_gmt":"2024-10-06T07:02:00","guid":{"rendered":"https:\/\/noticiasdestaque.com.br\/index.php\/2024\/10\/06\/eleicoes-2024-confira-datas-e-horarios-do-primeiro-e-do-segundo-turno\/"},"modified":"2024-10-06T04:02:00","modified_gmt":"2024-10-06T07:02:00","slug":"eleicoes-2024-confira-datas-e-horarios-do-primeiro-e-do-segundo-turno","status":"publish","type":"post","link":"https:\/\/noticiasdestaque.com.br\/index.php\/2024\/10\/06\/eleicoes-2024-confira-datas-e-horarios-do-primeiro-e-do-segundo-turno\/","title":{"rendered":"Elei\u00e7\u00f5es 2024: confira datas e hor\u00e1rios do primeiro e do segundo turno"},"content":{"rendered":"<p>\t\t\t\t\t\t\t\t\t\t<audio controls class=\"b61_audio_player\" data-noticia=\"77826\" src=\"https:\/\/brasil61.com\/rails\/active_storage\/blobs\/eyJfcmFpbHMiOnsibWVzc2FnZSI6IkJBaHBBeUFJQXc9PSIsImV4cCI6bnVsbCwicHVyIjoiYmxvYl9pZCJ9fQ==--20caaf3022df7412c1aee07b55661a8c8e63946a\/BRAS2412758A\"><\/audio><\/p>\n<p>Os eleitores brasileiros de mais de 5 mil munic\u00edpios v\u00e3o \u00e0s urnas, neste domingo (6), para eleger seus novos representantes do Executivo e Legislativo local.\u00a0<\/p>\n<p>Pela primeira vez em uma elei\u00e7\u00e3o para escolha de prefeitos e vereadores o hor\u00e1rio de Bras\u00edlia ser\u00e1 adotado como padr\u00e3o. Nesse caso, em todo o pa\u00eds, as urnas v\u00e3o fechar simultaneamente.<\/p>\n<h2>Confira como ser\u00e1 a programa\u00e7\u00e3o para as elei\u00e7\u00f5es em primeiro e segundo turno<\/h2>\n<p><strong>Primeiro turno<\/strong><\/p>\n<ul>\n<li>DIA: as vota\u00e7\u00f5es v\u00e3o ocorrer neste domingo (6).<\/li>\n<li>HOR\u00c1RIO: os cidad\u00e3os podem votar das 8h \u00e0s 17h (hor\u00e1rio de Bras\u00edlia)<\/li>\n<\/ul>\n<p><strong>Segundo turno<\/strong><\/p>\n<ul>\n<li>DIA: as vota\u00e7\u00f5es v\u00e3o ocorrer em 27 de outubro<\/li>\n<li>HOR\u00c1RIO: os cidad\u00e3os podem votar das 8h \u00e0s 17h (hor\u00e1rio de Bras\u00edlia)<\/li>\n<\/ul>\n<p>Vale lembrar que s\u00f3 haver\u00e1 segundo turno em munic\u00edpios com mais de 200 mil eleitores.<\/p>\n<h2>Fuso hor\u00e1rio<\/h2>\n<p>Devido ao fuso hor\u00e1rio no Brasil, as vota\u00e7\u00f5es nos estados de Mato Grosso do Sul, Rond\u00f4nia, Roraima e Mato Grosso ser\u00e3o iniciadas uma hora antes, no caso, \u00e0s 7h. O hor\u00e1rio \u00e9 o mesmo em algumas regi\u00f5es do estado do Amazonas.\u00a0<\/p>\n<p><a href=\"https:\/\/brasil61.com\/n\/eleicoes-2024-57-dos-eleitores-se-consideram-nem-de-direita-nem-de-esquerda-aponta-pesquisa-bras2412726\" target=\"_blank\" rel=\"noopener\">ELEI\u00c7\u00d5ES 2024: 57% dos eleitores se consideram nem de direita nem de esquerda, aponta pesquisa<\/a><\/p>\n<p><a href=\"https:\/\/brasil61.com\/n\/eleicoes-2024-87-parlamentares-disputam-prefeituras-pelo-pais-bras2412755\" target=\"_blank\" rel=\"noopener\">Elei\u00e7\u00f5es 2024: 87 parlamentares disputam prefeituras pelo pa\u00eds<\/a><\/p>\n<p>No entanto, algumas localidades v\u00e3o seguir o fuso do Acre e, com isso, os eleitores podem ir \u00e0s unas a partir das 6h. J\u00e1 em Fernando de Noronha, a vota\u00e7\u00e3o vai come\u00e7ar \u00e0s 9h.<\/p>\n<h2>Documentos\u00a0<\/h2>\n<p>No dia da elei\u00e7\u00e3o, a Justi\u00e7a Eleitoral recomenda que os eleitores levem algum documento oficial com foto, como por exemplo, carteira de identidade, passaporte, carteira de categoria profissional reconhecida por lei, certificado de reservista, carteira de trabalho, Documento Nacional de Identidade (DNI) ou carteira nacional de habilita\u00e7\u00e3o.<\/p>\n<p>Outra recomenda\u00e7\u00e3o \u00e9 ter sempre em m\u00e3os o t\u00edtulo eleitoral, j\u00e1 que no documento constam informa\u00e7\u00f5es sobre a zona e a se\u00e7\u00e3o eleitoral. Outra alternativa \u00e9 baixar o aplicativo e-T\u00edtulo. A ferramenta \u00e9 compreendida como um t\u00edtulo de eleitor digital, dispon\u00edvel para Android ou iOS.<br \/>\n\u00a0<\/p>\n<p>\t\t\t\t\t\t\t\t\t<img loading=\"lazy\" decoding=\"async\" src=\"https:\/\/brasil61.com\/api\/v1\/serve_pixel\/17677\/77826\" alt=\"Pixel Brasil 61\" class=\"b61_pixel\" width=\"0\" height=\"0\"><\/p>\n<input type=\"hidden\" id=\"baseurl\" value=\"https:\/\/noticiasdestaque.com.br\"><input type=\"hidden\" id=\"audio_nonce\" value=\"6a24ca502e\">","protected":false},"excerpt":{"rendered":"<p>Pela primeira vez em uma elei\u00e7\u00e3o para escolha de prefeitos e vereadores o hor\u00e1rio de Bras\u00edlia ser\u00e1 adotado como padr\u00e3o<\/p>\n","protected":false},"author":1,"featured_media":38939,"comment_status":"open","ping_status":"open","sticky":false,"template":"","format":"standard","meta":{"fifu_image_url":"","fifu_image_alt":"","footnotes":""},"categories":[48],"tags":[],"class_list":["post-38938","post","type-post","status-publish","format-standard","has-post-thumbnail","hentry","category-mundo"],"distributor_meta":false,"distributor_terms":false,"distributor_media":false,"distributor_original_site_name":"Noticias em Destaque","distributor_original_site_url":"https:\/\/noticiasdestaque.com.br","push-errors":false,"_links":{"self":[{"href":"https:\/\/noticiasdestaque.com.br\/index.php\/wp-json\/wp\/v2\/posts\/38938","targetHints":{"allow":["GET"]}}],"collection":[{"href":"https:\/\/noticiasdestaque.com.br\/index.php\/wp-json\/wp\/v2\/posts"}],"about":[{"href":"https:\/\/noticiasdestaque.com.br\/index.php\/wp-json\/wp\/v2\/types\/post"}],"author":[{"embeddable":true,"href":"https:\/\/noticiasdestaque.com.br\/index.php\/wp-json\/wp\/v2\/users\/1"}],"replies":[{"embeddable":true,"href":"https:\/\/noticiasdestaque.com.br\/index.php\/wp-json\/wp\/v2\/comments?post=38938"}],"version-history":[{"count":0,"href":"https:\/\/noticiasdestaque.com.br\/index.php\/wp-json\/wp\/v2\/posts\/38938\/revisions"}],"wp:featuredmedia":[{"embeddable":true,"href":"https:\/\/noticiasdestaque.com.br\/index.php\/wp-json\/wp\/v2\/media\/38939"}],"wp:attachment":[{"href":"https:\/\/noticiasdestaque.com.br\/index.php\/wp-json\/wp\/v2\/media?parent=38938"}],"wp:term":[{"taxonomy":"category","embeddable":true,"href":"https:\/\/noticiasdestaque.com.br\/index.php\/wp-json\/wp\/v2\/categories?post=38938"},{"taxonomy":"post_tag","embeddable":true,"href":"https:\/\/noticiasdestaque.com.br\/index.php\/wp-json\/wp\/v2\/tags?post=38938"}],"curies":[{"name":"wp","href":"https:\/\/api.w.org\/{rel}","templated":true}]}}