{"id":38924,"date":"2024-10-05T18:00:00","date_gmt":"2024-10-05T21:00:00","guid":{"rendered":"https:\/\/noticiasdestaque.com.br\/index.php\/2024\/10\/05\/calor-intenso-e-tempo-seco-marca-o-domingo-de-eleicoes-no-sudeste\/"},"modified":"2024-10-05T18:00:00","modified_gmt":"2024-10-05T21:00:00","slug":"calor-intenso-e-tempo-seco-marca-o-domingo-de-eleicoes-no-sudeste","status":"publish","type":"post","link":"https:\/\/noticiasdestaque.com.br\/index.php\/2024\/10\/05\/calor-intenso-e-tempo-seco-marca-o-domingo-de-eleicoes-no-sudeste\/","title":{"rendered":"Calor intenso e tempo seco marca o domingo de elei\u00e7\u00f5es no Sudeste"},"content":{"rendered":"<p>\t\t\t\t\t\t\t\t\t\t<audio controls class=\"b61_audio_player\" data-noticia=\"77818\" src=\"https:\/\/brasil61.com\/rails\/active_storage\/blobs\/eyJfcmFpbHMiOnsibWVzc2FnZSI6IkJBaHBBeHdJQXc9PSIsImV4cCI6bnVsbCwicHVyIjoiYmxvYl9pZCJ9fQ==--79afcc60ad8421ac31e3dc1ba34d1650835457a1\/PTSD243842A\"><\/audio><\/p>\n<p>Neste domingo (6) a regi\u00e3o Sudeste ser\u00e1 marcada por temperaturas elevadas, poucas nuvens e baixa umidade.<\/p>\n<p>Em todo o estado mineiro predomina o tempo firme, com poucas nuvens e umidade do ar de m\u00ednima. Na capital Belo Horizonte, faz calor neste domingo, com m\u00e1xima de at\u00e9 33\u00baC. Mas no sul de Minas a amplitude t\u00e9rmica chama a aten\u00e7\u00e3o, em Maria da f\u00e9, as temperaturas variam entre 12\u00baC e 32\u00baC.<\/p>\n<p>O Esp\u00edrito Santo tem aumento da nebulosidade ao longo do dia, mas n\u00e3o h\u00e1 previs\u00e3o de chuva. O mesmo vale para os estados do Rio de Janeiro e S\u00e3o Paulo, onde o calor d\u00e1 uma tr\u00e9gua. A capital paulista tem m\u00ednima prevista de 13\u00baC e o Rio de Janeiro m\u00ednima de 17\u00baC.<\/p>\n<p>As informa\u00e7\u00f5es s\u00e3o do Inmet<br \/>\n\u00a0<\/p>\n<p>\t\t\t\t\t\t\t\t\t<img loading=\"lazy\" decoding=\"async\" src=\"https:\/\/brasil61.com\/api\/v1\/serve_pixel\/17677\/77818\" alt=\"Pixel Brasil 61\" class=\"b61_pixel\" width=\"0\" height=\"0\"><\/p>\n<input type=\"hidden\" id=\"baseurl\" value=\"https:\/\/noticiasdestaque.com.br\"><input type=\"hidden\" id=\"audio_nonce\" value=\"6a24ca502e\">","protected":false},"excerpt":{"rendered":"<p>Previs\u00e3o de sol e m\u00e1xima de at\u00e9 33\u00baC para a capital mineira<\/p>\n","protected":false},"author":1,"featured_media":38925,"comment_status":"open","ping_status":"open","sticky":false,"template":"","format":"standard","meta":{"fifu_image_url":"","fifu_image_alt":"","footnotes":""},"categories":[58],"tags":[],"class_list":["post-38924","post","type-post","status-publish","format-standard","has-post-thumbnail","hentry","category-cotidiano"],"distributor_meta":false,"distributor_terms":false,"distributor_media":false,"distributor_original_site_name":"Noticias em Destaque","distributor_original_site_url":"https:\/\/noticiasdestaque.com.br","push-errors":false,"_links":{"self":[{"href":"https:\/\/noticiasdestaque.com.br\/index.php\/wp-json\/wp\/v2\/posts\/38924","targetHints":{"allow":["GET"]}}],"collection":[{"href":"https:\/\/noticiasdestaque.com.br\/index.php\/wp-json\/wp\/v2\/posts"}],"about":[{"href":"https:\/\/noticiasdestaque.com.br\/index.php\/wp-json\/wp\/v2\/types\/post"}],"author":[{"embeddable":true,"href":"https:\/\/noticiasdestaque.com.br\/index.php\/wp-json\/wp\/v2\/users\/1"}],"replies":[{"embeddable":true,"href":"https:\/\/noticiasdestaque.com.br\/index.php\/wp-json\/wp\/v2\/comments?post=38924"}],"version-history":[{"count":0,"href":"https:\/\/noticiasdestaque.com.br\/index.php\/wp-json\/wp\/v2\/posts\/38924\/revisions"}],"wp:featuredmedia":[{"embeddable":true,"href":"https:\/\/noticiasdestaque.com.br\/index.php\/wp-json\/wp\/v2\/media\/38925"}],"wp:attachment":[{"href":"https:\/\/noticiasdestaque.com.br\/index.php\/wp-json\/wp\/v2\/media?parent=38924"}],"wp:term":[{"taxonomy":"category","embeddable":true,"href":"https:\/\/noticiasdestaque.com.br\/index.php\/wp-json\/wp\/v2\/categories?post=38924"},{"taxonomy":"post_tag","embeddable":true,"href":"https:\/\/noticiasdestaque.com.br\/index.php\/wp-json\/wp\/v2\/tags?post=38924"}],"curies":[{"name":"wp","href":"https:\/\/api.w.org\/{rel}","templated":true}]}}