{"id":38912,"date":"2024-10-03T04:04:00","date_gmt":"2024-10-03T07:04:00","guid":{"rendered":"https:\/\/noticiasdestaque.com.br\/index.php\/2024\/10\/03\/doenca-de-crohn-entenda-condicao-do-jornalista-evaristo-costa\/"},"modified":"2024-10-03T04:04:00","modified_gmt":"2024-10-03T07:04:00","slug":"doenca-de-crohn-entenda-condicao-do-jornalista-evaristo-costa","status":"publish","type":"post","link":"https:\/\/noticiasdestaque.com.br\/index.php\/2024\/10\/03\/doenca-de-crohn-entenda-condicao-do-jornalista-evaristo-costa\/","title":{"rendered":"Doen\u00e7a de Crohn: entenda condi\u00e7\u00e3o do jornalista Evaristo Costa"},"content":{"rendered":"<p>\t\t\t\t\t\t\t\t\t\t<audio controls class=\"b61_audio_player\" data-noticia=\"77783\" src=\"https:\/\/brasil61.com\/rails\/active_storage\/blobs\/eyJfcmFpbHMiOnsibWVzc2FnZSI6IkJBaHBBeTRHQXc9PSIsImV4cCI6bnVsbCwicHVyIjoiYmxvYl9pZCJ9fQ==--0f9837396c874552cd0bdec6fa4d266e6f831a2c\/BRAS2412744A\"><\/audio><\/p>\n<p>Nesta ter\u00e7a-feira (1), o jornalista Evaristo Costa contou em entrevista que foi diagnosticado com a Doen\u00e7a de Crohn, uma s\u00edndrome inflamat\u00f3ria do trato intestinal provocada pela desregula\u00e7\u00e3o do sistema imunol\u00f3gico. Segundo a <a href=\"https:\/\/bvsms.saude.gov.br\/doenca-de-crohn\/#:~:text=A%20Doen%C3%A7a%20de%20Crohn%20%C3%A9,qualquer%20parte%20do%20trato%20gastrointestinal\" target=\"_blank\" rel=\"noopener\">Biblioteca Virtual em Sa\u00fade do Minist\u00e9rio da Sa\u00fade<\/a>, a doen\u00e7a autoimune acomete principalmente a parte inferior do intestino delgado e do intestino grosso, mas tamb\u00e9m pode afetar outras partes do sistema gastrointestinal como boca, es\u00f4fago, est\u00f4mago e \u00e2nus.<\/p>\n<p>O principal sintoma da patologia, que fez Evaristo perder mais de 20 quilos em tr\u00eas semanas, \u00e9 a diarreia intensa com sangue. Mas outros sintomas incluem:<\/p>\n<ul>\n<li>c\u00f3lica abdominal;<\/li>\n<li>febre;<\/li>\n<li>les\u00f5es da regi\u00e3o anal;<\/li>\n<li>sangramento retal;<\/li>\n<li>falta de apetite;<\/li>\n<li>perda de peso;<\/li>\n<li>dores nas juntas.<\/li>\n<\/ul>\n<p>Em v\u00eddeo do <a href=\"https:\/\/www.youtube.com\/watch?v=DbjXGiT_O88\" target=\"_blank\" rel=\"noopener\">canal Dr. Ajuda\u00a0no Youtube<\/a>, o m\u00e9dico Arceu Scanavini, cirurgi\u00e3o do aparelho digestivo, detalha os sintomas.<\/p>\n<p>\u201cA pessoa passa a ir v\u00e1rias vezes ao banheiro, durante o dia e \u00e0s vezes \u00e0\u00a0noite tamb\u00e9m. Nos casos mais graves, podem ir mais de 20 vezes ao dia no banheiro. Segundo, a presen\u00e7a de sangue nas fezes. O terceiro sintoma \u00e9 a presen\u00e7a de muco, que \u00e9 como se fosse um catarro de nariz, s\u00f3 que misturado nas fezes. Outro sintoma \u00e9 a febre. A temperatura acima de 38 graus pode estar relacionada a essa inflama\u00e7\u00e3o no intestino. O emagrecimento faz com que a pessoa perca peso, mesmo sem fazer dieta, em fun\u00e7\u00e3o da atividade da doen\u00e7a.\u201d<\/p>\n<p>Uma caracter\u00edstica importante \u00e9 que, por ser uma doen\u00e7a cr\u00f4nica, os sintomas podem ser intermitentes, ou seja, podem aparecer e desaparecer. Em m\u00e9dia, eles podem persistir por mais de tr\u00eas meses, podendo melhorar e depois voltar novamente. Nos casos grav\u00edssimos, a Doen\u00e7a de Crohn pode causar perfura\u00e7\u00e3o do intestino, que leva a quadros de dor muito intensa no abd\u00f4men e, \u00e0s vezes, de maneira s\u00fabita.\u00a0<\/p>\n<p>O doutor Arceu Scanavini afirma que os casos da doen\u00e7a v\u00eam aumentando cada vez mais na popula\u00e7\u00e3o.<\/p>\n<p>\u201cPode iniciar em qualquer idade, a partir dos 4, 5 anos, mas normalmente se inicia por volta dos 14, 18 anos. Recentemente, estamos observando um aumento da incid\u00eancia em crian\u00e7as, o que at\u00e9 ent\u00e3o era muito raro.\u201d<\/p>\n<h2>Causas da doen\u00e7a<\/h2>\n<p>Segundo o doutor Arceu Scanavini, a medicina ainda n\u00e3o p\u00f4de identificar as causas da doen\u00e7a de Crohn.<\/p>\n<p>\u201cAlguns dados sugerem que morar em cidades polu\u00eddas \u2014 em compara\u00e7\u00e3o com cidades no campo ou na praia \u2014, o estresse, o uso indiscriminado de antibi\u00f3ticos na inf\u00e2ncia, pouco tempo de amamenta\u00e7\u00e3o, tabagismo, todos esses fatores podem estar associados com a Doen\u00e7a de Crohn.\u201d<\/p>\n<p>De acordo com Biblioteca Virtual em Sa\u00fade, apesar de a alimenta\u00e7\u00e3o n\u00e3o ser a causa dessa doen\u00e7a, alimentos pouco condimentados e suaves agridem menos o trato gastrointestinal quando a patologia est\u00e1 na fase ativa.<\/p>\n<p>O diagn\u00f3stico \u00e9 feito por exames de imagem e de sangue, como explica o doutor Arceu Scanavini.<\/p>\n<p>\u201cO diagn\u00f3stico normalmente \u00e9 feito por meio de bi\u00f3psias, realizadas por colonoscopia, que avalia o reto e o intestino grosso, ou por meio de endoscopia, que avalia o es\u00f4fago, o est\u00f4mago, a regi\u00e3o da boca. Outros exames podem ser necess\u00e1rios, tais como c\u00e1psula endosc\u00f3pica, enteroscopia, tomografia, resson\u00e2ncia magn\u00e9tica. Na presen\u00e7a dos sintomas, voc\u00ea deve procurar um m\u00e9dico para o correto entendimento do problema.\u201d<\/p>\n<h2>Tratamento<\/h2>\n<p>A Doen\u00e7a de Crohn n\u00e3o tem cura, mas tem tratamento, de acordo com o est\u00e1gio da doen\u00e7a. Segundo o Minist\u00e9rio da Sa\u00fade, existe um sistema que mede o avan\u00e7o da patologia com base no n\u00famero de evacua\u00e7\u00f5es, dor abdominal, indisposi\u00e7\u00e3o geral e ocorr\u00eancia de f\u00edstulas, o que permite classificar a enfermidade em leve, moderada ou grave.\u00a0<\/p>\n<p>Segundo o doutor Arceu Scanavini, como a Doen\u00e7a de Crohn \u00e9 uma doen\u00e7a autoimune \u2014 ou seja, o sistema imunol\u00f3gico est\u00e1 atacando o pr\u00f3prio corpo \u2014, \u00e9 necess\u00e1rio o uso de medicamentos, como corticoides e outros imunossupressores, para diminuir a imunidade do organismo de forma controlada.<\/p>\n<p>O m\u00e9dico cirurgi\u00e3o explica que o foco do tratamento \u00e9 aumentar o per\u00edodo sem sintomas e tratar as complica\u00e7\u00f5es quando elas acontecerem.<\/p>\n<p>\u201cEm geral, essas complica\u00e7\u00f5es necessitam de tratamento cir\u00fargico. Uma vez que o paciente precise ser submetido a uma opera\u00e7\u00e3o, muita cautela deve ser adotada para se tentar evitar ao m\u00e1ximo a chance da doen\u00e7a retornar depois que \u00e9 feita essa cirurgia. Com o passar dos anos, podem ser necess\u00e1rios outros procedimentos cir\u00fargicos e provavelmente o paciente vai precisar usar medicamentos para evitar que isso aconte\u00e7a.\u201d<\/p>\n<p>O doutor Arceu Scanavini refor\u00e7a que, apesar de a Doen\u00e7a de Crohn ter forte impacto na qualidade de vida do paciente, ela tem tratamento com boas taxas de sucesso, principalmente se for tratada por uma equipe multidisciplinar especializada.<\/p>\n<p><strong><a href=\"https:\/\/brasil61.com\/n\/dr-ajuda-tipos-de-pele-blog240615\" target=\"_blank\" rel=\"noopener\">Dr. Ajuda: saiba mais sobre os cinco tipos b\u00e1sicos de pele<\/a><\/strong><\/p>\n<p><strong><a href=\"https:\/\/brasil61.com\/n\/dr-ajuda-pubalgia-de-origem-ortopedica-blog240614\" target=\"_blank\" rel=\"noopener\">Dr. Ajuda: pubalgia de origem ortop\u00e9dica<\/a><\/strong><\/p>\n<p>\t\t\t\t\t\t\t\t\t<img loading=\"lazy\" decoding=\"async\" src=\"https:\/\/brasil61.com\/api\/v1\/serve_pixel\/17677\/77783\" alt=\"Pixel Brasil 61\" class=\"b61_pixel\" width=\"0\" height=\"0\"><\/p>\n<input type=\"hidden\" id=\"baseurl\" value=\"https:\/\/noticiasdestaque.com.br\"><input type=\"hidden\" id=\"audio_nonce\" value=\"6f73a554f1\">","protected":false},"excerpt":{"rendered":"<p>S\u00edndrome inflamat\u00f3ria do trato intestinal \u00e9 provocada pela desregula\u00e7\u00e3o do sistema imunol\u00f3gico<\/p>\n","protected":false},"author":1,"featured_media":38913,"comment_status":"open","ping_status":"open","sticky":false,"template":"","format":"standard","meta":{"fifu_image_url":"","fifu_image_alt":"","footnotes":""},"categories":[51],"tags":[],"class_list":["post-38912","post","type-post","status-publish","format-standard","has-post-thumbnail","hentry","category-saude"],"distributor_meta":false,"distributor_terms":false,"distributor_media":false,"distributor_original_site_name":"Noticias em Destaque","distributor_original_site_url":"https:\/\/noticiasdestaque.com.br","push-errors":false,"_links":{"self":[{"href":"https:\/\/noticiasdestaque.com.br\/index.php\/wp-json\/wp\/v2\/posts\/38912","targetHints":{"allow":["GET"]}}],"collection":[{"href":"https:\/\/noticiasdestaque.com.br\/index.php\/wp-json\/wp\/v2\/posts"}],"about":[{"href":"https:\/\/noticiasdestaque.com.br\/index.php\/wp-json\/wp\/v2\/types\/post"}],"author":[{"embeddable":true,"href":"https:\/\/noticiasdestaque.com.br\/index.php\/wp-json\/wp\/v2\/users\/1"}],"replies":[{"embeddable":true,"href":"https:\/\/noticiasdestaque.com.br\/index.php\/wp-json\/wp\/v2\/comments?post=38912"}],"version-history":[{"count":0,"href":"https:\/\/noticiasdestaque.com.br\/index.php\/wp-json\/wp\/v2\/posts\/38912\/revisions"}],"wp:featuredmedia":[{"embeddable":true,"href":"https:\/\/noticiasdestaque.com.br\/index.php\/wp-json\/wp\/v2\/media\/38913"}],"wp:attachment":[{"href":"https:\/\/noticiasdestaque.com.br\/index.php\/wp-json\/wp\/v2\/media?parent=38912"}],"wp:term":[{"taxonomy":"category","embeddable":true,"href":"https:\/\/noticiasdestaque.com.br\/index.php\/wp-json\/wp\/v2\/categories?post=38912"},{"taxonomy":"post_tag","embeddable":true,"href":"https:\/\/noticiasdestaque.com.br\/index.php\/wp-json\/wp\/v2\/tags?post=38912"}],"curies":[{"name":"wp","href":"https:\/\/api.w.org\/{rel}","templated":true}]}}