{"id":38906,"date":"2024-09-27T21:25:00","date_gmt":"2024-09-28T00:25:00","guid":{"rendered":"https:\/\/noticiasdestaque.com.br\/index.php\/2024\/09\/27\/dr-ajuda-mel-faz-bem-para-a-tosse\/"},"modified":"2024-09-27T21:25:00","modified_gmt":"2024-09-28T00:25:00","slug":"dr-ajuda-mel-faz-bem-para-a-tosse","status":"publish","type":"post","link":"https:\/\/noticiasdestaque.com.br\/index.php\/2024\/09\/27\/dr-ajuda-mel-faz-bem-para-a-tosse\/","title":{"rendered":"Dr. Ajuda: mel faz bem para a tosse?"},"content":{"rendered":"<p>\t\t\t\t\t\t\t\t\t\t<audio controls class=\"b61_audio_player\" data-noticia=\"77725\" src=\"https:\/\/brasil61.com\/rails\/active_storage\/blobs\/eyJfcmFpbHMiOnsibWVzc2FnZSI6IkJBaHBBMVFGQXc9PSIsImV4cCI6bnVsbCwicHVyIjoiYmxvYl9pZCJ9fQ==--e80d6f4f38a8934be4e0adbf5c846c8c27675b14\/BLOG240613A\"><\/audio><\/p>\n<p>Voc\u00ea j\u00e1 ouviu falar que o mel pode ser bom para tosse em crian\u00e7as?<\/p>\n<p>\u00c9 verdade \u00e9 que o mel tem mostrado ser eficaz no al\u00edvio da tosse em crian\u00e7as, segundo estudos m\u00e9dicos envolvendo quase 900 participantes. Usado por at\u00e9 3 dias, ele foi mais eficiente que placebo e salbutamol, e teve resultados semelhantes ao dextrometorfano, al\u00e9m de ser melhor que a difenidramina.<\/p>\n<p>O mel tamb\u00e9m ajudou a melhorar o sono das crian\u00e7as sem causar efeitos colaterais graves. No entanto, ele n\u00e3o deve ser dado a crian\u00e7as menores de 1 ano devido ao risco de alergia.<\/p>\n<p>Veja ao v\u00eddeo com a explica\u00e7\u00e3o do especialista:<\/p>\n<p>\u00a0<\/p>\n<\/p>\n<p>Tenha acesso aos conte\u00fados do Doutor Ajuda. Acesse: <a href=\"http:\/\/www.portaldoutorajuda.com.br\">www.portaldoutorajuda.com.br<\/a>.<br \/>\n\u00a0<\/p>\n<p>\t\t\t\t\t\t\t\t\t<img loading=\"lazy\" decoding=\"async\" src=\"https:\/\/brasil61.com\/api\/v1\/serve_pixel\/17677\/77725\" alt=\"Pixel Brasil 61\" class=\"b61_pixel\" width=\"0\" height=\"0\"><\/p>\n<input type=\"hidden\" id=\"baseurl\" value=\"https:\/\/noticiasdestaque.com.br\"><input type=\"hidden\" id=\"audio_nonce\" value=\"6f73a554f1\">","protected":false},"excerpt":{"rendered":"<p>Neste epis\u00f3dio, o Pediatra Dr. Thomaz Bittencourt Couto (CRM: 120.361\/ SP) diz se mel faz bem para a tosse.<\/p>\n","protected":false},"author":1,"featured_media":38907,"comment_status":"open","ping_status":"open","sticky":false,"template":"","format":"standard","meta":{"fifu_image_url":"","fifu_image_alt":"","footnotes":""},"categories":[51],"tags":[],"class_list":["post-38906","post","type-post","status-publish","format-standard","has-post-thumbnail","hentry","category-saude"],"distributor_meta":false,"distributor_terms":false,"distributor_media":false,"distributor_original_site_name":"Noticias em Destaque","distributor_original_site_url":"https:\/\/noticiasdestaque.com.br","push-errors":false,"_links":{"self":[{"href":"https:\/\/noticiasdestaque.com.br\/index.php\/wp-json\/wp\/v2\/posts\/38906","targetHints":{"allow":["GET"]}}],"collection":[{"href":"https:\/\/noticiasdestaque.com.br\/index.php\/wp-json\/wp\/v2\/posts"}],"about":[{"href":"https:\/\/noticiasdestaque.com.br\/index.php\/wp-json\/wp\/v2\/types\/post"}],"author":[{"embeddable":true,"href":"https:\/\/noticiasdestaque.com.br\/index.php\/wp-json\/wp\/v2\/users\/1"}],"replies":[{"embeddable":true,"href":"https:\/\/noticiasdestaque.com.br\/index.php\/wp-json\/wp\/v2\/comments?post=38906"}],"version-history":[{"count":0,"href":"https:\/\/noticiasdestaque.com.br\/index.php\/wp-json\/wp\/v2\/posts\/38906\/revisions"}],"wp:featuredmedia":[{"embeddable":true,"href":"https:\/\/noticiasdestaque.com.br\/index.php\/wp-json\/wp\/v2\/media\/38907"}],"wp:attachment":[{"href":"https:\/\/noticiasdestaque.com.br\/index.php\/wp-json\/wp\/v2\/media?parent=38906"}],"wp:term":[{"taxonomy":"category","embeddable":true,"href":"https:\/\/noticiasdestaque.com.br\/index.php\/wp-json\/wp\/v2\/categories?post=38906"},{"taxonomy":"post_tag","embeddable":true,"href":"https:\/\/noticiasdestaque.com.br\/index.php\/wp-json\/wp\/v2\/tags?post=38906"}],"curies":[{"name":"wp","href":"https:\/\/api.w.org\/{rel}","templated":true}]}}