{"id":38898,"date":"2024-09-29T14:10:00","date_gmt":"2024-09-29T17:10:00","guid":{"rendered":"https:\/\/noticiasdestaque.com.br\/index.php\/2024\/09\/29\/infogripe-casos-de-sindrome-respiratoria-por-covid-19-continuam-crescendo\/"},"modified":"2024-09-29T14:10:00","modified_gmt":"2024-09-29T17:10:00","slug":"infogripe-casos-de-sindrome-respiratoria-por-covid-19-continuam-crescendo","status":"publish","type":"post","link":"https:\/\/noticiasdestaque.com.br\/index.php\/2024\/09\/29\/infogripe-casos-de-sindrome-respiratoria-por-covid-19-continuam-crescendo\/","title":{"rendered":"InfoGripe: casos de s\u00edndrome respirat\u00f3ria por Covid-19 continuam crescendo"},"content":{"rendered":"<p>\t\t\t\t\t\t\t\t\t\t<audio controls class=\"b61_audio_player\" data-noticia=\"77690\" src=\"https:\/\/brasil61.com\/rails\/active_storage\/blobs\/eyJfcmFpbHMiOnsibWVzc2FnZSI6IkJBaHBBeDBGQXc9PSIsImV4cCI6bnVsbCwicHVyIjoiYmxvYl9pZCJ9fQ==--2a0dbbb82a4e75b962631d069bd881418bb7d9d6\/BRAS2412713A\"><\/audio><\/p>\n<p>O novo Boletim\u00a0InfoGripe da Funda\u00e7\u00e3o Oswaldo Cruz (Fiocruz) revela que os casos de S\u00edndrome Respirat\u00f3ria Aguda Grave (SRAG) associados \u00e0 Covid-19 continuam em expans\u00e3o em Goi\u00e1s, Mato Grosso do Sul, Minas Gerais, Rio de Janeiro, Distrito Federal, Paran\u00e1 e S\u00e3o Paulo.\u00a0<\/p>\n<p>Nesta semana, a reportagem do<strong> Brasil 61<\/strong> fez uma apura\u00e7\u00e3o da situa\u00e7\u00e3o epidemiol\u00f3gica nos estados apontados pela Fiocruz com maior expans\u00e3o dos casos de SRAG associados \u00e0 Covid-19. <a href=\"https:\/\/brasil61.com\/n\/covid-19-secretarias-estaduais-de-saude-registraram-tendencia-de-queda-de-casos-no-df-go-e-rj-bras2412707\" target=\"_blank\" rel=\"noopener\">Em Goi\u00e1s, Rio de Janeiro e Distrito Federal, h\u00e1 uma tend\u00eancia de queda do n\u00famero de casos confirmados de infec\u00e7\u00e3o pelo coronav\u00edrus<\/a>. No entanto, isso n\u00e3o significa que as notifica\u00e7\u00f5es por s\u00edndrome respirat\u00f3ria n\u00e3o estejam aumentando, j\u00e1 que muitas pessoas infectadas n\u00e3o apresentam sintomas.<\/p>\n<p>Segundo o InfoGripe, em S\u00e3o Paulo e no Mato Grosso do Sul j\u00e1 \u00e9 poss\u00edvel verificar uma desacelera\u00e7\u00e3o dos casos graves de s\u00edndrome respirat\u00f3ria por Covid-19. Mas, apesar disso, a doen\u00e7a \u00e9 ainda apontada como a principal causa de morte por SRAG entre idosos. Por isso, a pesquisadora da Fiocruz Tatiana Portella refor\u00e7a a import\u00e2ncia da vacina\u00e7\u00e3o para os grupos de risco.<\/p>\n<p>\u201c\u00c9 muito importante que todos os idosos e pessoas dos grupos de risco, que ainda n\u00e3o tomaram vacina contra o v\u00edrus, busquem um posto de sa\u00fade e se vacinem contra a Covid-19.\u201d<\/p>\n<p>J\u00e1 os casos de SRAG associados ao rinov\u00edrus, que atingem principalmente crian\u00e7as e adolescentes de at\u00e9 14 anos, desaceleraram ou tiveram queda em grande parte dos estados da regi\u00e3o Centro-Sul e Nordeste, com exce\u00e7\u00e3o do Cear\u00e1 e Pernambuco, onde ainda apresentam aumento.<\/p>\n<h2>Estados e capitais<\/h2>\n<p>Na tend\u00eancia de longo prazo, dez unidades federativas apresentam ind\u00edcios de crescimento da s\u00edndrome respirat\u00f3ria: Acre, Cear\u00e1, Goi\u00e1s, Mato Grosso do Sul, Minas Gerais, Par\u00e1, Pernambuco, Rio de Janeiro, Roraima e Tocantins.<\/p>\n<p>Entre as capitais, os ind\u00edcios de aumento dos casos foram observados em Bel\u00e9m (PA), Boa Vista (RR), Belo Horizonte(MG), Curitiba (PR), Fortaleza (CE), Goi\u00e2nia (GO), Macei\u00f3 (AL), Porto Velho (RO), Recife (PE), Rio Branco (AC) e S\u00e3o Lu\u00eds (MA).<\/p>\n<p>Nas \u00faltimas quatro semanas epidemiol\u00f3gicas, 13% dos casos positivos de SRAG estavam associados \u00e0 influenza A; 5% \u00e0 influenza B; 7% ao v\u00edrus sincicial respirat\u00f3rio (VSR), 31,7% ao rinov\u00edrus, e 34,6% \u00e0 Covid-19. Entre os \u00f3bitos, 18,1% estavam associados \u00e0 influenza A, 4,4% \u00e0 influenza B, 0,8% ao VSR, 7,2% ao rinov\u00edrus e 61,9% \u00e0 Covid-19.<\/p>\n<p>A pesquisadora da Fiocruz Tatiana Portella mant\u00e9m as recomenda\u00e7\u00f5es para se proteger dos v\u00edrus associados \u00e0 SRAG.<\/p>\n<p>\u201cA gente mant\u00e9m a recomenda\u00e7\u00e3o de sempre, de uso de m\u00e1scaras em locais fechados, com maior aglomera\u00e7\u00e3o de pessoas e dentro dos postos de sa\u00fade, para as pessoas que moram nesses estados, com aumento de casos de S\u00edndrome Respirat\u00f3ria Aguda Grave. Tamb\u00e9m \u00e9 importante lembrar que na Regi\u00e3o Norte j\u00e1 come\u00e7ou a campanha de vacina\u00e7\u00e3o contra a influenza. Ent\u00e3o \u00e9 importante que todas as pessoas eleg\u00edveis a tomar essa vacina busquem se vacinar contra o v\u00edrus.\u201d<\/p>\n<h2>Doen\u00e7as respirat\u00f3rias<\/h2>\n<p>A an\u00e1lise do Boletim InfoGripe, referente \u00e0 Semana Epidemiol\u00f3gica 38, tem como base os dados inseridos no Sistema de Informa\u00e7\u00e3o da Vigil\u00e2ncia Epidemiol\u00f3gica da Gripe, entre 15 e\u00a021 de setembro, e apresenta informa\u00e7\u00f5es sobre os v\u00edrus respirat\u00f3rios, como VSR, rinov\u00edrus, influenza e Covid-19.\u00a0<\/p>\n<p><u><strong>VSR: V\u00edrus Sincicial Respirat\u00f3rio<\/strong><\/u><\/p>\n<p>Este v\u00edrus atinge, principalmente, crian\u00e7as pequenas \u2014 de at\u00e9 dois anos \u2014 ou idosos acima de 65 anos. Geralmente \u00e9 o respons\u00e1vel pelos casos de bronquiolite em crian\u00e7as pequenas.\u00a0<\/p>\n<p>Segundo a pesquisadora da Fiocruz Tatiana Portella, \u201cos sintomas s\u00e3o parecidos com os da gripe: dor de garganta, calafrios, coriza, tosse. Mas \u00e9 preciso prestar aten\u00e7\u00e3o nos sintomas das crian\u00e7as pequenas. Verificar se elas est\u00e3o com dificuldade de respirar, com os l\u00e1bios arroxeados \u2014 isso pode ser um indicativo que ela est\u00e1 evoluindo para uma forma mais grave da doen\u00e7a. Nesses casos, \u00e9 preciso procurar atendimento m\u00e9dico r\u00e1pido\u201d.<\/p>\n<p><u><strong>Influenza A ou H1N1<\/strong><\/u><\/p>\n<p>Trata-se do v\u00edrus da gripe. Com alta circula\u00e7\u00e3o pelo pa\u00eds, sobretudo este ano, a Influenza A tamb\u00e9m \u00e9 conhecida como H1N1 \u2014 anteriormente chamada de gripe su\u00edna.<\/p>\n<p>\u201cGeralmente ele pode dar uma febre mais repentina, mas tem os sintomas muito parecidos com outros v\u00edrus respirat\u00f3rios, como tosse coriza, calafrios. Ele atinge todas as faixas et\u00e1rias, mas assim como os outros v\u00edrus, evolui de forma mais grave nos idosos, crian\u00e7as pequenas e pessoas com comorbidades\u201d, explica Portella.<\/p>\n<p><u><strong>Rinov\u00edrus<\/strong><\/u>\u00a0<\/p>\n<p>Assim como o VSR, atinge crian\u00e7as pequenas e pode evoluir para casos de bronquite. Mas \u00e9 uma doen\u00e7a autolimitada \u201cque vai se curar sozinha entre 7 e 14 dias\u201d, explica a pesquisadora.\u00a0<\/p>\n<p>\u201cMas ele pode evoluir para as formas mais graves em crian\u00e7as pequenas que tenham hist\u00f3rico de asma, doen\u00e7a cr\u00f4nica no pulm\u00e3o, imunossuprimidos.\u201d Tatiana ainda explica que o rinov\u00edrus pode ter uma comportamento sazonal \u2014 como Influenza e VSR \u2014 e neste momento a Fiocruz observa uma incid\u00eancia alta desse v\u00edrus em crian\u00e7as pequenas e adolescentes.\u00a0<\/p>\n<p><u><strong>Covid-19<\/strong><\/u><\/p>\n<p>O velho conhecido \u2014 respons\u00e1vel pela pandemia entre 2020 e 2021 \u2014 ainda causa muitos casos de SRAGs. Isso porque ao longo do tempo ele vem sofrendo muta\u00e7\u00f5es e evoluiu rapidamente. As novas variantes mostram que ainda trata-se do v\u00edrus da covid, mas com um poder de infec\u00e7\u00e3o maior.<\/p>\n<p>Por isso a vacina\u00e7\u00e3o anual \u00e9 importante para prevenir os casos mais graves da doen\u00e7a, alerta Tatiana Portella.<\/p>\n<p>\u201cA vacina da covid-19 \u00e9 atualizada para as novas variantes e apesar de termos esse v\u00edrus circulando h\u00e1 alguns anos, \u00e9 importante que as pessoas atualizem a vacina. Porque a vacina que as pessoas tomaram no ano passado n\u00e3o confere a mesma prote\u00e7\u00e3o do que a vacina que est\u00e1 dispon\u00edvel este ano.\u201d\u00a0<\/p>\n<p>Confira outros detalhes no <a href=\"https:\/\/agencia.fiocruz.br\/infogripe-indica-manutencao-do-aumento-de-srag-por-covid-19\" target=\"_blank\" rel=\"noopener\">link<\/a>.<\/p>\n<p><strong><a href=\"https:\/\/brasil61.com\/n\/covid-19-secretarias-estaduais-de-saude-registraram-tendencia-de-queda-de-casos-no-df-go-e-rj-bras2412707\" target=\"_blank\" rel=\"noopener\">COVID-19: secretarias estaduais de sa\u00fade registraram tend\u00eancia de queda de casos no DF, GO e RJ<\/a><\/strong><\/p>\n<p><strong><a href=\"https:\/\/brasil61.com\/n\/covid-19-e-responsavel-por-metade-das-mortes-por-doencas-respiratorias-bras2412659\" target=\"_blank\" rel=\"noopener\">Covid-19 \u00e9 respons\u00e1vel por metade das mortes por doen\u00e7as respirat\u00f3rias<\/a><\/strong><\/p>\n<p>\t\t\t\t\t\t\t\t\t<img loading=\"lazy\" decoding=\"async\" src=\"https:\/\/brasil61.com\/api\/v1\/serve_pixel\/17677\/77690\" alt=\"Pixel Brasil 61\" class=\"b61_pixel\" width=\"0\" height=\"0\"><\/p>\n<input type=\"hidden\" id=\"baseurl\" value=\"https:\/\/noticiasdestaque.com.br\"><input type=\"hidden\" id=\"audio_nonce\" value=\"6f73a554f1\">","protected":false},"excerpt":{"rendered":"<p>J\u00e1 os casos de SRAG associados ao rinov\u00edrus desaceleram em grande parte do Centro-Sul e Nordeste<\/p>\n","protected":false},"author":1,"featured_media":38899,"comment_status":"open","ping_status":"open","sticky":false,"template":"","format":"standard","meta":{"fifu_image_url":"","fifu_image_alt":"","footnotes":""},"categories":[51],"tags":[],"class_list":["post-38898","post","type-post","status-publish","format-standard","has-post-thumbnail","hentry","category-saude"],"distributor_meta":false,"distributor_terms":false,"distributor_media":false,"distributor_original_site_name":"Noticias em Destaque","distributor_original_site_url":"https:\/\/noticiasdestaque.com.br","push-errors":false,"_links":{"self":[{"href":"https:\/\/noticiasdestaque.com.br\/index.php\/wp-json\/wp\/v2\/posts\/38898","targetHints":{"allow":["GET"]}}],"collection":[{"href":"https:\/\/noticiasdestaque.com.br\/index.php\/wp-json\/wp\/v2\/posts"}],"about":[{"href":"https:\/\/noticiasdestaque.com.br\/index.php\/wp-json\/wp\/v2\/types\/post"}],"author":[{"embeddable":true,"href":"https:\/\/noticiasdestaque.com.br\/index.php\/wp-json\/wp\/v2\/users\/1"}],"replies":[{"embeddable":true,"href":"https:\/\/noticiasdestaque.com.br\/index.php\/wp-json\/wp\/v2\/comments?post=38898"}],"version-history":[{"count":0,"href":"https:\/\/noticiasdestaque.com.br\/index.php\/wp-json\/wp\/v2\/posts\/38898\/revisions"}],"wp:featuredmedia":[{"embeddable":true,"href":"https:\/\/noticiasdestaque.com.br\/index.php\/wp-json\/wp\/v2\/media\/38899"}],"wp:attachment":[{"href":"https:\/\/noticiasdestaque.com.br\/index.php\/wp-json\/wp\/v2\/media?parent=38898"}],"wp:term":[{"taxonomy":"category","embeddable":true,"href":"https:\/\/noticiasdestaque.com.br\/index.php\/wp-json\/wp\/v2\/categories?post=38898"},{"taxonomy":"post_tag","embeddable":true,"href":"https:\/\/noticiasdestaque.com.br\/index.php\/wp-json\/wp\/v2\/tags?post=38898"}],"curies":[{"name":"wp","href":"https:\/\/api.w.org\/{rel}","templated":true}]}}