{"id":38896,"date":"2024-09-26T23:04:00","date_gmt":"2024-09-27T02:04:00","guid":{"rendered":"https:\/\/noticiasdestaque.com.br\/index.php\/2024\/09\/26\/dr-ajuda-faz-mal-tomar-varias-vacinas-no-mesmo-dia\/"},"modified":"2024-09-26T23:04:00","modified_gmt":"2024-09-27T02:04:00","slug":"dr-ajuda-faz-mal-tomar-varias-vacinas-no-mesmo-dia","status":"publish","type":"post","link":"https:\/\/noticiasdestaque.com.br\/index.php\/2024\/09\/26\/dr-ajuda-faz-mal-tomar-varias-vacinas-no-mesmo-dia\/","title":{"rendered":"Dr. Ajuda: faz mal tomar v\u00e1rias vacinas no mesmo dia?"},"content":{"rendered":"<p>\t\t\t\t\t\t\t\t\t\t<audio controls class=\"b61_audio_player\" data-noticia=\"77687\" src=\"https:\/\/brasil61.com\/rails\/active_storage\/blobs\/eyJfcmFpbHMiOnsibWVzc2FnZSI6IkJBaHBBL3dFQXc9PSIsImV4cCI6bnVsbCwicHVyIjoiYmxvYl9pZCJ9fQ==--98e209a5c9f3c11a7a2fc53aa6b80164528ec6fa\/BLOG240612A\"><\/audio><\/p>\n<p>H\u00e1 muitas d\u00favidas sobre se receber v\u00e1rias vacinas no mesmo dia sobrecarrega o sistema imunol\u00f3gico ou aumenta o risco de efeitos adversos, mas isso \u00e9 um mito.<\/p>\n<p>As vacinas do calend\u00e1rio vacinal podem ser administradas simultaneamente sem problemas. O sistema imunol\u00f3gico lida com muitos ant\u00edgenos diariamente, especialmente na inf\u00e2ncia, sem sobrecarga. Ou seja, a vacina\u00e7\u00e3o simult\u00e2nea \u00e9 segura e eficaz.<\/p>\n<p>Veja ao v\u00eddeo com a explica\u00e7\u00e3o do especialista:<\/p>\n<p>\u00a0<\/p>\n<p>Tenha acesso aos conte\u00fados do Doutor Ajuda. Acesse:<a href=\"http:\/\/www.portaldoutorajuda.com.br\"> www.portaldoutorajuda.com.br<\/a>.<br \/>\n\u00a0<\/p>\n<p>\t\t\t\t\t\t\t\t\t<img loading=\"lazy\" decoding=\"async\" src=\"https:\/\/brasil61.com\/api\/v1\/serve_pixel\/17677\/77687\" alt=\"Pixel Brasil 61\" class=\"b61_pixel\" width=\"0\" height=\"0\"><\/p>\n<input type=\"hidden\" id=\"baseurl\" value=\"https:\/\/noticiasdestaque.com.br\"><input type=\"hidden\" id=\"audio_nonce\" value=\"6a24ca502e\">","protected":false},"excerpt":{"rendered":"<p>Neste epis\u00f3dio, a infectologista Dra. Juliana Oliveira da Silva (CRM: 146.533\/ SP | RQE: 32.970) responde se faz mal tomar v\u00e1rias vacinas no mesmo dia.<\/p>\n","protected":false},"author":1,"featured_media":38897,"comment_status":"open","ping_status":"open","sticky":false,"template":"","format":"standard","meta":{"fifu_image_url":"","fifu_image_alt":"","footnotes":""},"categories":[51],"tags":[],"class_list":["post-38896","post","type-post","status-publish","format-standard","has-post-thumbnail","hentry","category-saude"],"distributor_meta":false,"distributor_terms":false,"distributor_media":false,"distributor_original_site_name":"Noticias em Destaque","distributor_original_site_url":"https:\/\/noticiasdestaque.com.br","push-errors":false,"_links":{"self":[{"href":"https:\/\/noticiasdestaque.com.br\/index.php\/wp-json\/wp\/v2\/posts\/38896","targetHints":{"allow":["GET"]}}],"collection":[{"href":"https:\/\/noticiasdestaque.com.br\/index.php\/wp-json\/wp\/v2\/posts"}],"about":[{"href":"https:\/\/noticiasdestaque.com.br\/index.php\/wp-json\/wp\/v2\/types\/post"}],"author":[{"embeddable":true,"href":"https:\/\/noticiasdestaque.com.br\/index.php\/wp-json\/wp\/v2\/users\/1"}],"replies":[{"embeddable":true,"href":"https:\/\/noticiasdestaque.com.br\/index.php\/wp-json\/wp\/v2\/comments?post=38896"}],"version-history":[{"count":0,"href":"https:\/\/noticiasdestaque.com.br\/index.php\/wp-json\/wp\/v2\/posts\/38896\/revisions"}],"wp:featuredmedia":[{"embeddable":true,"href":"https:\/\/noticiasdestaque.com.br\/index.php\/wp-json\/wp\/v2\/media\/38897"}],"wp:attachment":[{"href":"https:\/\/noticiasdestaque.com.br\/index.php\/wp-json\/wp\/v2\/media?parent=38896"}],"wp:term":[{"taxonomy":"category","embeddable":true,"href":"https:\/\/noticiasdestaque.com.br\/index.php\/wp-json\/wp\/v2\/categories?post=38896"},{"taxonomy":"post_tag","embeddable":true,"href":"https:\/\/noticiasdestaque.com.br\/index.php\/wp-json\/wp\/v2\/tags?post=38896"}],"curies":[{"name":"wp","href":"https:\/\/api.w.org\/{rel}","templated":true}]}}