{"id":38888,"date":"2024-10-01T04:05:00","date_gmt":"2024-10-01T07:05:00","guid":{"rendered":"https:\/\/noticiasdestaque.com.br\/index.php\/2024\/10\/01\/eleicoes-2024-57-dos-eleitores-se-consideram-nem-de-direita-nem-de-esquerda-aponta-pesquisa\/"},"modified":"2024-10-01T04:05:00","modified_gmt":"2024-10-01T07:05:00","slug":"eleicoes-2024-57-dos-eleitores-se-consideram-nem-de-direita-nem-de-esquerda-aponta-pesquisa","status":"publish","type":"post","link":"https:\/\/noticiasdestaque.com.br\/index.php\/2024\/10\/01\/eleicoes-2024-57-dos-eleitores-se-consideram-nem-de-direita-nem-de-esquerda-aponta-pesquisa\/","title":{"rendered":"ELEI\u00c7\u00d5ES 2024: 57% dos eleitores se consideram nem de direita nem de esquerda, aponta pesquisa"},"content":{"rendered":"<p>\t\t\t\t\t\t\t\t\t\t<audio controls class=\"b61_audio_player\" data-noticia=\"77735\" src=\"https:\/\/brasil61.com\/rails\/active_storage\/blobs\/eyJfcmFpbHMiOnsibWVzc2FnZSI6IkJBaHBBMzBGQXc9PSIsImV4cCI6bnVsbCwicHVyIjoiYmxvYl9pZCJ9fQ==--6bbe1ca81b06388e5b81d04ba596c8ca47f7fc71\/BRAS2412726A\"><\/audio><\/p>\n<p>Como voc\u00ea escolhe o seu candidato? Pela orienta\u00e7\u00e3o pol\u00edtica \u2014 direita ou esquerda \u2014 ou pela capacidade de gest\u00e3o, de apontar solu\u00e7\u00f5es\u00a0para resolver os problemas da sua cidade?\u00a0<\/p>\n<p>Uma pesquisa feita pelo Instituto DataSenado mostra que, a poucos dias das elei\u00e7\u00f5es municipais, mais da metade dos eleitores \u2014 57% deles \u2014 disseram n\u00e3o se considerar nem de esquerda nem de direita. A pesquisa mostrou ainda que 29% dos entrevistados se consideram de direita e 15% de esquerda.<\/p>\n<p>Mas para o cientista pol\u00edtico Eduardo Grin, o que a pesquisa mostra \u00e9 que nunca teremos 100% da sociedade envolvida em pol\u00edtica e em polariza\u00e7\u00e3o.\u00a0<\/p>\n<p>\u201cO que quero destacar \u00e9 que a polariza\u00e7\u00e3o pol\u00edtica, que envolve as for\u00e7as pol\u00edticas e parcela da sociedade mais envolvida, segue cada vez pior. Mais intensa, com epis\u00f3dios que agora acabam em viol\u00eancia \u2014 n\u00e3o s\u00f3 pela internet, mas tamb\u00e9m f\u00edsica. Ou seja, tudo s\u00e3o sintomas de um processo de polariza\u00e7\u00e3o pol\u00edtica que segue muito intenso\u201d, destaca o cientista.\u00a0<\/p>\n<h2>Foco nos problemas e nas solu\u00e7\u00f5es<\/h2>\n<p>Em fun\u00e7\u00e3o das caracter\u00edsticas da maior parte dos munic\u00edpios brasileiros \u2014 em que cerca de metade tem apenas dois candidatos a prefeito nestas elei\u00e7\u00f5es deste ano \u2014 a tend\u00eancia \u00e9 que a polariza\u00e7\u00e3o se mostre menos acirrada, avalia Grin. \u00a0<\/p>\n<p>O cientista pol\u00edtico explica que o foco para a escolha do candidato deve se dar por outras raz\u00f5es. \u201cEm geral, o que vale mais em elei\u00e7\u00f5es municipais \u00e9 o prefeito ser um bom s\u00edndico. Aquele que inspira confian\u00e7a para fazer uma boa entrega de servi\u00e7os, \u00e9 o prefeito que j\u00e1 vem fazendo um bom trabalho e a popula\u00e7\u00e3o tem mais receio de apoiar algu\u00e9m que ela n\u00e3o conhece.\u201d<\/p>\n<p>Opini\u00e3o que \u00e9 compartilhada pelo cientista pol\u00edtico Leandro Gabiati.<\/p>\n<p>\u201cNuma elei\u00e7\u00e3o municipal voc\u00ea olha primeiro quem \u00e9 o prefeito, como eu considero a gest\u00e3o dele. E eventualmente o eleitor de direita pode apoiar um candidato de esquerda que tenha feito uma boa gest\u00e3o, ou o contr\u00e1rio. S\u00e3o os reflexos das pol\u00edticas p\u00fablicas no dia-a-dia da popula\u00e7\u00e3o que contam na hora do voto.\u201d<\/p>\n<p><a href=\"https:\/\/brasil61.com\/n\/eleicoes-2024-metade-dos-municipios-tem-apenas-dois-candidatos-a-prefeito-bras2412607\">Elei\u00e7\u00f5es 2024: metade dos munic\u00edpios tem apenas dois candidatos a prefeito<\/a><\/p>\n<h2>Cidades maiores, mais polariza\u00e7\u00e3o<\/h2>\n<p>O cientista Eduardo Grin afirma ainda que, nas cidades maiores, a tend\u00eancia de polariza\u00e7\u00e3o e escolha de um candidato em fun\u00e7\u00e3o de sua orienta\u00e7\u00e3o ou partido pol\u00edtico tende a ser bem maior do que nas cidades pequenas. Mas faz um destaque para as elei\u00e7\u00f5es presidenciais de 2026.<\/p>\n<p>\u201cAssim como vimos em 2022, nas elei\u00e7\u00f5es para presidente, veremos em 2026. Uma escolha muito mais voltada por partidos e ideais pol\u00edticos do que por candidatos propriamente ditos.\u201d\u00a0<\/p>\n<h2>O que mostra a pesquisa<\/h2>\n<p>Segundo a pesquisa, quanto maior a renda dos eleitores, menos eles tendem a ser neutros \u2014 mas s\u00e3o eleitores de centro. Quanto aos que se disseram neutros com rela\u00e7\u00e3o ao vi\u00e9s pol\u00edtico, 45% dos que se disseram neutros t\u00eam ensino fundamental incompleto.\u00a0<\/p>\n<p>Os evang\u00e9licos tendem a ser mais de direita \u2014 eles s\u00e3o 35% dos entrevistados, j\u00e1 os cat\u00f3licos de direita s\u00e3o 28%. Quanto ao g\u00eanero, 34% dos homens se disseram eleitores de direita, enquanto as mulheres somam 24%. \u00a0<\/p>\n<p>A pesquisa foi feita entre os dias 5 e 28 de junho\u00a0de 2024. Ao todo, o levantamento ouviu 21.808 brasileiros de todas as unidades da federa\u00e7\u00e3o. O n\u00edvel de confian\u00e7a \u00e9 de 95% e a margem de erro \u00e9 de 1,22 ponto porcentual.\u00a0<\/p>\n<p><a href=\"https:\/\/brasil61.com\/n\/eleicoes-2024-direita-prevalece-entre-eleitores-que-declaram-posicionamento-politico-bras2412710\">ELEI\u00c7\u00d5ES 2024: Direita prevalece entre eleitores que declaram posicionamento pol\u00edtico<\/a><\/p>\n<p>\t\t\t\t\t\t\t\t\t<img loading=\"lazy\" decoding=\"async\" src=\"https:\/\/brasil61.com\/api\/v1\/serve_pixel\/17677\/77735\" alt=\"Pixel Brasil 61\" class=\"b61_pixel\" width=\"0\" height=\"0\"><\/p>\n<input type=\"hidden\" id=\"baseurl\" value=\"https:\/\/noticiasdestaque.com.br\"><input type=\"hidden\" id=\"audio_nonce\" value=\"6a24ca502e\">","protected":false},"excerpt":{"rendered":"<p>Polariza\u00e7\u00e3o pode ser menos acirrada nas elei\u00e7\u00f5es municipais de 2024, avalia cientista pol\u00edtico<\/p>\n","protected":false},"author":1,"featured_media":38889,"comment_status":"open","ping_status":"open","sticky":false,"template":"","format":"standard","meta":{"fifu_image_url":"","fifu_image_alt":"","footnotes":""},"categories":[50],"tags":[],"class_list":["post-38888","post","type-post","status-publish","format-standard","has-post-thumbnail","hentry","category-politica"],"distributor_meta":false,"distributor_terms":false,"distributor_media":false,"distributor_original_site_name":"Noticias em Destaque","distributor_original_site_url":"https:\/\/noticiasdestaque.com.br","push-errors":false,"_links":{"self":[{"href":"https:\/\/noticiasdestaque.com.br\/index.php\/wp-json\/wp\/v2\/posts\/38888","targetHints":{"allow":["GET"]}}],"collection":[{"href":"https:\/\/noticiasdestaque.com.br\/index.php\/wp-json\/wp\/v2\/posts"}],"about":[{"href":"https:\/\/noticiasdestaque.com.br\/index.php\/wp-json\/wp\/v2\/types\/post"}],"author":[{"embeddable":true,"href":"https:\/\/noticiasdestaque.com.br\/index.php\/wp-json\/wp\/v2\/users\/1"}],"replies":[{"embeddable":true,"href":"https:\/\/noticiasdestaque.com.br\/index.php\/wp-json\/wp\/v2\/comments?post=38888"}],"version-history":[{"count":0,"href":"https:\/\/noticiasdestaque.com.br\/index.php\/wp-json\/wp\/v2\/posts\/38888\/revisions"}],"wp:featuredmedia":[{"embeddable":true,"href":"https:\/\/noticiasdestaque.com.br\/index.php\/wp-json\/wp\/v2\/media\/38889"}],"wp:attachment":[{"href":"https:\/\/noticiasdestaque.com.br\/index.php\/wp-json\/wp\/v2\/media?parent=38888"}],"wp:term":[{"taxonomy":"category","embeddable":true,"href":"https:\/\/noticiasdestaque.com.br\/index.php\/wp-json\/wp\/v2\/categories?post=38888"},{"taxonomy":"post_tag","embeddable":true,"href":"https:\/\/noticiasdestaque.com.br\/index.php\/wp-json\/wp\/v2\/tags?post=38888"}],"curies":[{"name":"wp","href":"https:\/\/api.w.org\/{rel}","templated":true}]}}