{"id":38886,"date":"2024-09-27T01:30:00","date_gmt":"2024-09-27T04:30:00","guid":{"rendered":"https:\/\/noticiasdestaque.com.br\/index.php\/2024\/09\/27\/tiros-mortes-socos-cadeiradas-violencia-marca-eleicoes-municipais-de-2024\/"},"modified":"2024-09-27T01:30:00","modified_gmt":"2024-09-27T04:30:00","slug":"tiros-mortes-socos-cadeiradas-violencia-marca-eleicoes-municipais-de-2024","status":"publish","type":"post","link":"https:\/\/noticiasdestaque.com.br\/index.php\/2024\/09\/27\/tiros-mortes-socos-cadeiradas-violencia-marca-eleicoes-municipais-de-2024\/","title":{"rendered":"Tiros, mortes, socos, cadeiradas: viol\u00eancia marca elei\u00e7\u00f5es municipais de 2024"},"content":{"rendered":"<p>\t\t\t\t\t\t\t\t\t\t<audio controls class=\"b61_audio_player\" data-noticia=\"77678\" src=\"https:\/\/brasil61.com\/rails\/active_storage\/blobs\/eyJfcmFpbHMiOnsibWVzc2FnZSI6IkJBaHBBK2NFQXc9PSIsImV4cCI6bnVsbCwicHVyIjoiYmxvYl9pZCJ9fQ==--0264adbb25690291c19ccb36a0d453ec970c4a39\/BRAS2412709A\"><\/audio><\/p>\n<p dir=\"ltr\">N\u00e3o \u00e9 s\u00f3 no notici\u00e1rio policial, nos debates pol\u00edticos e nas redes sociais \u2014 a viol\u00eancia eleitoral est\u00e1 tamb\u00e9m nos n\u00fameros. Dados do boletim trimestral do Observat\u00f3rio da Viol\u00eancia Pol\u00edtica e Eleitoral indicam que entre abril e junho deste ano foram registrados 128 casos de viol\u00eancia contra lideran\u00e7as pol\u00edticas. O que mostra um aumento de mais de 100% em rela\u00e7\u00e3o ao trimestre anterior.<\/p>\n<p dir=\"ltr\">A regi\u00e3o mais atingida foi o Sudeste, com 47 casos (36,7%). S\u00e3o Paulo \u00e9 o estado mais violento: 21 casos, seguido por Bahia e Rio de Janeiro, ambos com 15 registros. A viol\u00eancia vem de todas as formas: insultos, amea\u00e7as, agress\u00f5es f\u00edsicas e homic\u00eddios \u2014 eles foram respons\u00e1veis por 25 epis\u00f3dios. O Rio de Janeiro se destaca neste cen\u00e1rio com seis casos.<\/p>\n<p dir=\"ltr\">O\u00a0mais recente ocorreu no dia 25, na cidade de Nova Igua\u00e7u, baixada fluminense. O candidato a vereador pelo Avante conhecido como Jo\u00e3ozinho Fernandes foi morto a tiros logo ap\u00f3s fazer uma caminhada promovendo a candidatura pelas ruas da cidade.<\/p>\n<p dir=\"ltr\">Para o especialista em seguran\u00e7a e professor da FGV, Jean Menezes de Aguiar, o que estamos vendo hoje na pol\u00edtica \u00e9 um reflexo da sociedade violenta que temos no Brasil.<\/p>\n<p dir=\"ltr\">\u201cS\u00e3o 60 mil homic\u00eddios por ano. \u00c9 escandaloso, mas isso foi normalizado, em certa medida\u201d, avalia o professor que destaca um outro ponto.<\/p>\n<p dir=\"ltr\">\u201cA entrada do crime organizado na pol\u00edtica, em que pol\u00edticos possam obter com mais facilidade essas vingan\u00e7as e esses crimes. Poderia ser esta uma das explica\u00e7\u00f5es. S\u00f3 se fala em PCC nos debates de S\u00e3o Paulo, o que mostra que ele [PCC] virou um ator coadjuvante nessa hist\u00f3ria.\u201d<\/p>\n<h2 dir=\"ltr\">Acirramento da polariza\u00e7\u00e3o<\/h2>\n<p dir=\"ltr\">O especialista ainda levanta uma outra caracter\u00edstica da sociedade que vem tomando corpo h\u00e1 algumas elei\u00e7\u00f5es: o acirramento da agressividade e das emo\u00e7\u00f5es exageradas que acabam resultando em viol\u00eancia f\u00edsica.<\/p>\n<p dir=\"ltr\">Menezes usa o exemplo do candidato \u00e0 prefeitura de S\u00e3o Paulo\u00a0Jos\u00e9 Luiz Datena para explicar um ponto que est\u00e1 previsto no direito penal.<\/p>\n<p dir=\"ltr\">\u201cEssa emo\u00e7\u00e3o com viol\u00eancia est\u00e1 prevista como total atenuante no processo penal. Por isso\u00a0que n\u00e3o dever\u00e1 acontecer nada com o Datena.\u201d Relembrando o epis\u00f3dio em que, durante um debate na televis\u00e3o, o candidato Pablo Mar\u00e7al (PRTB-SP) recebeu uma cadeirada de Datena ap\u00f3s in\u00fameras provoca\u00e7\u00f5es que fez ao oponente.<\/p>\n<p dir=\"ltr\">Polariza\u00e7\u00e3o que para Menezes tem como consequ\u00eancia mais visibilidade para os envolvidos, j\u00e1 que gera conte\u00fados que repercutem e \u201cvendem\u201d nas redes sociais.<\/p>\n<h2 dir=\"ltr\">Refor\u00e7o na seguran\u00e7a<\/h2>\n<p dir=\"ltr\">Uma das medidas para tentar conter a viol\u00eancia no dia das elei\u00e7\u00f5es foi tomada esta semana pelo Tribunal Superior Eleitoral (TSE). A For\u00e7a Federal ser\u00e1 enviada a 12 estados, a pedido dos TREs dessas localidades. S\u00e3o eles:<\/p>\n<ol dir=\"ltr\">\n<li>Acre<\/li>\n<li>Amazonas<\/li>\n<li>Cear\u00e1<\/li>\n<li>Mato Grosso<\/li>\n<li>Mato Grosso do Sul<\/li>\n<li>Par\u00e1<\/li>\n<li>Para\u00edba<\/li>\n<li>Piau\u00ed<\/li>\n<li>Rio de Janeiro<\/li>\n<li>Rio Grande do Norte<\/li>\n<li>Maranh\u00e3o<\/li>\n<li>Tocantins<\/li>\n<\/ol>\n<p>A ministra C\u00e1rmen L\u00facia, presidente do TSE, explicou que o aux\u00edlio deve ajudar a garantir que o processo eleitoral transcorra de forma ordeira e tranquila. Ela ainda destacou que os pedidos de apoio da For\u00e7a Federal feitos pelos estados s\u00e3o procedimentos normais para garantir o livre exerc\u00edcio do voto e a normalidade da vota\u00e7\u00e3o e da apura\u00e7\u00e3o dos resultados.<\/p>\n<p>\t\t\t\t\t\t\t\t\t<img loading=\"lazy\" decoding=\"async\" src=\"https:\/\/brasil61.com\/api\/v1\/serve_pixel\/17677\/77678\" alt=\"Pixel Brasil 61\" class=\"b61_pixel\" width=\"0\" height=\"0\"><\/p>\n<input type=\"hidden\" id=\"baseurl\" value=\"https:\/\/noticiasdestaque.com.br\"><input type=\"hidden\" id=\"audio_nonce\" value=\"6a24ca502e\">","protected":false},"excerpt":{"rendered":"<p>Foram 128 casos de viol\u00eancia contra lideran\u00e7as pol\u00edticas; \u00e9 o dobro do registrado no primeiro trimestre do ano<\/p>\n","protected":false},"author":1,"featured_media":38887,"comment_status":"open","ping_status":"open","sticky":false,"template":"","format":"standard","meta":{"fifu_image_url":"","fifu_image_alt":"","footnotes":""},"categories":[50],"tags":[],"class_list":["post-38886","post","type-post","status-publish","format-standard","has-post-thumbnail","hentry","category-politica"],"distributor_meta":false,"distributor_terms":false,"distributor_media":false,"distributor_original_site_name":"Noticias em Destaque","distributor_original_site_url":"https:\/\/noticiasdestaque.com.br","push-errors":false,"_links":{"self":[{"href":"https:\/\/noticiasdestaque.com.br\/index.php\/wp-json\/wp\/v2\/posts\/38886","targetHints":{"allow":["GET"]}}],"collection":[{"href":"https:\/\/noticiasdestaque.com.br\/index.php\/wp-json\/wp\/v2\/posts"}],"about":[{"href":"https:\/\/noticiasdestaque.com.br\/index.php\/wp-json\/wp\/v2\/types\/post"}],"author":[{"embeddable":true,"href":"https:\/\/noticiasdestaque.com.br\/index.php\/wp-json\/wp\/v2\/users\/1"}],"replies":[{"embeddable":true,"href":"https:\/\/noticiasdestaque.com.br\/index.php\/wp-json\/wp\/v2\/comments?post=38886"}],"version-history":[{"count":0,"href":"https:\/\/noticiasdestaque.com.br\/index.php\/wp-json\/wp\/v2\/posts\/38886\/revisions"}],"wp:featuredmedia":[{"embeddable":true,"href":"https:\/\/noticiasdestaque.com.br\/index.php\/wp-json\/wp\/v2\/media\/38887"}],"wp:attachment":[{"href":"https:\/\/noticiasdestaque.com.br\/index.php\/wp-json\/wp\/v2\/media?parent=38886"}],"wp:term":[{"taxonomy":"category","embeddable":true,"href":"https:\/\/noticiasdestaque.com.br\/index.php\/wp-json\/wp\/v2\/categories?post=38886"},{"taxonomy":"post_tag","embeddable":true,"href":"https:\/\/noticiasdestaque.com.br\/index.php\/wp-json\/wp\/v2\/tags?post=38886"}],"curies":[{"name":"wp","href":"https:\/\/api.w.org\/{rel}","templated":true}]}}