{"id":38884,"date":"2024-09-15T04:02:00","date_gmt":"2024-09-15T07:02:00","guid":{"rendered":"https:\/\/noticiasdestaque.com.br\/index.php\/2024\/09\/15\/eleicoes-senadora-sugere-que-tse-divulgue-secoes-eleitorais-com-acessibilidade\/"},"modified":"2024-09-15T04:02:00","modified_gmt":"2024-09-15T07:02:00","slug":"eleicoes-senadora-sugere-que-tse-divulgue-secoes-eleitorais-com-acessibilidade","status":"publish","type":"post","link":"https:\/\/noticiasdestaque.com.br\/index.php\/2024\/09\/15\/eleicoes-senadora-sugere-que-tse-divulgue-secoes-eleitorais-com-acessibilidade\/","title":{"rendered":"Elei\u00e7\u00f5es: senadora sugere que TSE divulgue se\u00e7\u00f5es eleitorais com acessibilidade"},"content":{"rendered":"<p>\t\t\t\t\t\t\t\t\t\t<audio controls class=\"b61_audio_player\" data-noticia=\"76843\" src=\"https:\/\/brasil61.com\/rails\/active_storage\/blobs\/eyJfcmFpbHMiOnsibWVzc2FnZSI6IkJBaHBBLzBBQXc9PSIsImV4cCI6bnVsbCwicHVyIjoiYmxvYl9pZCJ9fQ==--1c175db27614c1d8686bad6c5b6c08bc965cad5b\/BRAS2412640A\"><\/audio><\/p>\n<p>O Brasil possui mais de 1,45 milh\u00e3o de eleitores com defici\u00eancia aptos a votar nas elei\u00e7\u00f5es de 2024. Segundo o Tribunal Superior Eleitoral (TSE), essa \u00e9 a maior marca j\u00e1 registrada e representa um aumento de 25% em rela\u00e7\u00e3o ao pleito de 2020.\u00a0<\/p>\n<p>Pensando na dificuldade de locomo\u00e7\u00e3o que muitas dessas pessoas enfrentam, a senadora Mara Gabrilli (PSD-SP) apresentou uma indica\u00e7\u00e3o ao TSE para que sejam divulgadas as se\u00e7\u00f5es eleitorais com acessibilidade para pessoas com defici\u00eancia. O documento (<a href=\"https:\/\/www25.senado.leg.br\/web\/atividade\/materias\/-\/materia\/165399\" target=\"_blank\" rel=\"noopener\">INS 75\/2024<\/a>) j\u00e1 foi despachado para o TSE.<\/p>\n<p>Nas elei\u00e7\u00f5es deste ano, foi poss\u00edvel solicitar a transfer\u00eancia tempor\u00e1ria do local de vota\u00e7\u00e3o. A medida tem o objetivo de facilitar o processo para pessoas com dificuldade de locomo\u00e7\u00e3o, privadas provisoriamente de liberdade, que v\u00e3o trabalhar no dia do pleito, entre outras situa\u00e7\u00f5es.<\/p>\n<p>Segundo a senadora Mara Gabrilli, essa possibilidade de transfer\u00eancia tempor\u00e1ria da se\u00e7\u00e3o eleitoral poderia ser um importante instrumento para os eleitores com defici\u00eancia, que se deparam com locais de vota\u00e7\u00e3o sem acessibilidade. Mas, para isso, seria importante saber previamente quais se\u00e7\u00f5es possuem ou n\u00e3o essas barreiras que dificultam o acesso \u00e0 cabine de vota\u00e7\u00e3o.<\/p>\n<p>O prazo para fazer esse pedido de transfer\u00eancia tempor\u00e1ria da se\u00e7\u00e3o eleitoral \u00a0terminou em agosto. Por isso, a senadora sugere ao TSE que, nos pleitos dos pr\u00f3ximos anos, sejam adotadas medidas para a ampla divulga\u00e7\u00e3o de quais zonas eleitorais s\u00e3o acess\u00edveis para pessoas com defici\u00eancia ou mobilidade reduzida e quais s\u00e3o os recursos de acessibilidade dispon\u00edveis em cada uma delas.<\/p>\n<p>De acordo com o TSE, 180.191 se\u00e7\u00f5es com recursos de acessibilidade estar\u00e3o em funcionamento em todo pa\u00eds nas elei\u00e7\u00f5es deste ano.<\/p>\n<p><strong><a href=\"https:\/\/brasil61.com\/n\/eleicoes-2024-qual-e-a-funcao-e-o-salario-do-prefeito-bras2412623\" target=\"_blank\" rel=\"noopener\">Elei\u00e7\u00f5es 2024: Qual \u00e9 a fun\u00e7\u00e3o e o sal\u00e1rio do prefeito?<\/a><\/strong><\/p>\n<p><strong><a href=\"https:\/\/brasil61.com\/n\/eleicoes-2024-qual-e-a-funcao-e-o-salario-do-vereador-bras2412628\" target=\"_blank\" rel=\"noopener\">Elei\u00e7\u00f5es 2024: Qual \u00e9 a fun\u00e7\u00e3o e o sal\u00e1rio do vereador?<\/a><\/strong><\/p>\n<p><strong><a href=\"https:\/\/brasil61.com\/n\/eleicoes-2024-metade-dos-municipios-tem-apenas-dois-candidatos-a-prefeito-bras2412607\" target=\"_blank\" rel=\"noopener\">Elei\u00e7\u00f5es 2024: metade dos munic\u00edpios tem apenas dois candidatos a prefeito<\/a><\/strong><\/p>\n<p>\t\t\t\t\t\t\t\t\t<img loading=\"lazy\" decoding=\"async\" src=\"https:\/\/brasil61.com\/api\/v1\/serve_pixel\/17677\/76843\" alt=\"Pixel Brasil 61\" class=\"b61_pixel\" width=\"0\" height=\"0\"><\/p>\n<input type=\"hidden\" id=\"baseurl\" value=\"https:\/\/noticiasdestaque.com.br\"><input type=\"hidden\" id=\"audio_nonce\" value=\"6a24ca502e\">","protected":false},"excerpt":{"rendered":"<p>Brasil possui mais de 1,45 milh\u00e3o de eleitores com defici\u00eancia aptos a votar nas elei\u00e7\u00f5es de 2024, segundo o TSE<\/p>\n","protected":false},"author":1,"featured_media":38885,"comment_status":"open","ping_status":"open","sticky":false,"template":"","format":"standard","meta":{"fifu_image_url":"","fifu_image_alt":"","footnotes":""},"categories":[50],"tags":[],"class_list":["post-38884","post","type-post","status-publish","format-standard","has-post-thumbnail","hentry","category-politica"],"distributor_meta":false,"distributor_terms":false,"distributor_media":false,"distributor_original_site_name":"Noticias em Destaque","distributor_original_site_url":"https:\/\/noticiasdestaque.com.br","push-errors":false,"_links":{"self":[{"href":"https:\/\/noticiasdestaque.com.br\/index.php\/wp-json\/wp\/v2\/posts\/38884","targetHints":{"allow":["GET"]}}],"collection":[{"href":"https:\/\/noticiasdestaque.com.br\/index.php\/wp-json\/wp\/v2\/posts"}],"about":[{"href":"https:\/\/noticiasdestaque.com.br\/index.php\/wp-json\/wp\/v2\/types\/post"}],"author":[{"embeddable":true,"href":"https:\/\/noticiasdestaque.com.br\/index.php\/wp-json\/wp\/v2\/users\/1"}],"replies":[{"embeddable":true,"href":"https:\/\/noticiasdestaque.com.br\/index.php\/wp-json\/wp\/v2\/comments?post=38884"}],"version-history":[{"count":0,"href":"https:\/\/noticiasdestaque.com.br\/index.php\/wp-json\/wp\/v2\/posts\/38884\/revisions"}],"wp:featuredmedia":[{"embeddable":true,"href":"https:\/\/noticiasdestaque.com.br\/index.php\/wp-json\/wp\/v2\/media\/38885"}],"wp:attachment":[{"href":"https:\/\/noticiasdestaque.com.br\/index.php\/wp-json\/wp\/v2\/media?parent=38884"}],"wp:term":[{"taxonomy":"category","embeddable":true,"href":"https:\/\/noticiasdestaque.com.br\/index.php\/wp-json\/wp\/v2\/categories?post=38884"},{"taxonomy":"post_tag","embeddable":true,"href":"https:\/\/noticiasdestaque.com.br\/index.php\/wp-json\/wp\/v2\/tags?post=38884"}],"curies":[{"name":"wp","href":"https:\/\/api.w.org\/{rel}","templated":true}]}}