{"id":38880,"date":"2024-09-13T14:00:00","date_gmt":"2024-09-13T17:00:00","guid":{"rendered":"https:\/\/noticiasdestaque.com.br\/index.php\/2024\/09\/13\/eleicoes-2024-qual-e-a-funcao-e-o-salario-do-vereador\/"},"modified":"2024-09-13T14:00:00","modified_gmt":"2024-09-13T17:00:00","slug":"eleicoes-2024-qual-e-a-funcao-e-o-salario-do-vereador","status":"publish","type":"post","link":"https:\/\/noticiasdestaque.com.br\/index.php\/2024\/09\/13\/eleicoes-2024-qual-e-a-funcao-e-o-salario-do-vereador\/","title":{"rendered":"Elei\u00e7\u00f5es 2024: Qual \u00e9 a fun\u00e7\u00e3o e o sal\u00e1rio do vereador?"},"content":{"rendered":"<p>\t\t\t\t\t\t\t\t\t\t<audio controls class=\"b61_audio_player\" data-noticia=\"76612\" src=\"https:\/\/brasil61.com\/rails\/active_storage\/blobs\/eyJfcmFpbHMiOnsibWVzc2FnZSI6IkJBaHBBeDBBQXc9PSIsImV4cCI6bnVsbCwicHVyIjoiYmxvYl9pZCJ9fQ==--8e01c5fd3bed4a22cb5b9bda809a1e027ef3ee7d\/BRAS2412628A\"><\/audio><\/p>\n<p>J\u00e1 est\u00e1 chegando o dia de escolher os representantes que v\u00e3o ocupar os cargos de prefeitos, vice-prefeitos e vereadores para os pr\u00f3ximos quatro anos nos 5.569 munic\u00edpios do pa\u00eds. E para isso, \u00e9 fundamental conhecer a fun\u00e7\u00e3o e o sal\u00e1rio que os eleitos v\u00e3o receber a partir de 1\u00ba de janeiro de 2025.<\/p>\n<p>O cientista pol\u00edtico e s\u00f3cio da Hold Assessoria Legislativa, Andr\u00e9 C\u00e9sar, explica que o vereador \u00e9 o representante do Poder Legislativo Municipal. \u201c\u00c9 como um deputado federal ou estadual. Ele vai discutir e votar as quest\u00f5es relativas \u00e0s pol\u00edticas de interesse da municipalidade\u201d.<\/p>\n<p>Durante o mandato de quatro anos, cabe ao vereador ou \u00e0 vereadora:\u00a0<\/p>\n<ul>\n<li>ouvir demandas dos moradores e propor esses pedidos na C\u00e2mara Municipal;<\/li>\n<li>elaborar, discutir e aprovar leis municipais;<\/li>\n<li>fiscalizar o trabalho do prefeito e dos secret\u00e1rios municipais.<\/li>\n<\/ul>\n<h2>Sistema proporcional<\/h2>\n<p>O n\u00famero de vereadores \u00e9 determinado de acordo com a quantidade de habitantes por munic\u00edpio:<\/p>\n<table border=\"1\" cellpadding=\"1\" cellspacing=\"1\" style=\"width:500px\">\n<tbody>\n<tr>\n<td style=\"text-align: center\"><strong>N\u00famero de habitantes do munic\u00edpio<\/strong><\/td>\n<td style=\"text-align: center\"><strong>N\u00famero de cargos para vereador<\/strong><\/td>\n<\/tr>\n<tr>\n<td style=\"text-align: center\">at\u00e9 15 mil<\/td>\n<td style=\"text-align: center\">9<\/td>\n<\/tr>\n<tr>\n<td style=\"text-align: center\">mais de 15 mil at\u00e9 30 mil<\/td>\n<td style=\"text-align: center\">11<\/td>\n<\/tr>\n<tr>\n<td style=\"text-align: center\">mais de 30 mil at\u00e9 50 mil\u00a0<\/td>\n<td style=\"text-align: center\">13<\/td>\n<\/tr>\n<tr>\n<td style=\"text-align: center\">mais de 50 mil at\u00e9 80 mil\u00a0<\/td>\n<td style=\"text-align: center\">15<\/td>\n<\/tr>\n<tr>\n<td style=\"text-align: center\">mais de 80 mil at\u00e9 120 mil<\/td>\n<td style=\"text-align: center\">17<\/td>\n<\/tr>\n<tr>\n<td style=\"text-align: center\">mais de 120 mil at\u00e9 160 mil<\/td>\n<td style=\"text-align: center\">19<\/td>\n<\/tr>\n<tr>\n<td style=\"text-align: center\">mais de 160 mil at\u00e9 300 mil<\/td>\n<td style=\"text-align: center\">21<\/td>\n<\/tr>\n<tr>\n<td style=\"text-align: center\">mais de 300 mil at\u00e9 450 mil<\/td>\n<td style=\"text-align: center\">23<\/td>\n<\/tr>\n<tr>\n<td style=\"text-align: center\">mais de 450 mil at\u00e9 600 mil\u00a0<\/td>\n<td style=\"text-align: center\">25<\/td>\n<\/tr>\n<tr>\n<td style=\"text-align: center\">mais de 600 mil at\u00e9 750 mil<\/td>\n<td style=\"text-align: center\">27<\/td>\n<\/tr>\n<tr>\n<td style=\"text-align: center\">mais de 750 mil at\u00e9 900 mil\u00a0<\/td>\n<td style=\"text-align: center\">29<\/td>\n<\/tr>\n<tr>\n<td style=\"text-align: center\">mais de 900 mil at\u00e9 1.050.000<\/td>\n<td style=\"text-align: center\">31<\/td>\n<\/tr>\n<tr>\n<td style=\"text-align: center\">mais de 1.050.000 at\u00e9 1,2 milh\u00e3o<\/td>\n<td style=\"text-align: center\">33<\/td>\n<\/tr>\n<tr>\n<td style=\"text-align: center\">mais de 1,2 milh\u00e3o at\u00e9 1,35 milh\u00e3o<\/td>\n<td style=\"text-align: center\">35<\/td>\n<\/tr>\n<tr>\n<td style=\"text-align: center\">mais de\u00a01,35 milh\u00e3o at\u00e9 1,5 milh\u00e3o<\/td>\n<td style=\"text-align: center\">37<\/td>\n<\/tr>\n<tr>\n<td style=\"text-align: center\">mais de 1,5 milh\u00e3o at\u00e9 1,8 milh\u00e3o<\/td>\n<td style=\"text-align: center\">39<\/td>\n<\/tr>\n<tr>\n<td style=\"text-align: center\">mais de 1,8 milh\u00e3o at\u00e9 2,4 milh\u00f5es<\/td>\n<td style=\"text-align: center\">41<\/td>\n<\/tr>\n<tr>\n<td style=\"text-align: center\">mais de 2,4 milh\u00f5es at\u00e9 3 milh\u00f5es<\/td>\n<td style=\"text-align: center\">43<\/td>\n<\/tr>\n<tr>\n<td style=\"text-align: center\">mais de 3 milh\u00f5es at\u00e9 4 milh\u00f5es<\/td>\n<td style=\"text-align: center\">45<\/td>\n<\/tr>\n<tr>\n<td style=\"text-align: center\">mais de 4 milh\u00f5es at\u00e9 5 milh\u00f5es<\/td>\n<td style=\"text-align: center\">47<\/td>\n<\/tr>\n<tr>\n<td style=\"text-align: center\">mais de 5 milh\u00f5es at\u00e9 6 milh\u00f5es<\/td>\n<td style=\"text-align: center\">49<\/td>\n<\/tr>\n<tr>\n<td style=\"text-align: center\">mais de 6 milh\u00f5es at\u00e9 7 milh\u00f5es<\/td>\n<td style=\"text-align: center\">51<\/td>\n<\/tr>\n<tr>\n<td style=\"text-align: center\">mais de 7 milh\u00f5es at\u00e9 8 milh\u00f5es<\/td>\n<td style=\"text-align: center\">53<\/td>\n<\/tr>\n<tr>\n<td style=\"text-align: center\">mais de 8 milh\u00f5es<\/td>\n<td style=\"text-align: center\">55<\/td>\n<\/tr>\n<\/tbody>\n<\/table>\n<p>\u00a0<\/p>\n<p>No entanto, os eleitos n\u00e3o s\u00e3o escolhidos com a maioria simples dos votos, e sim pelo sistema proporcional. Ap\u00f3s o t\u00e9rmino da vota\u00e7\u00e3o, \u00e9 calculado pelo quociente partid\u00e1rio quantas vagas cada partido ter\u00e1 direito de ocupar nas C\u00e2mara Municipais. Depois, dentro das agremia\u00e7\u00f5es, \u00e9 verificado quais foram os vereadores mais votados nominalmente e, assim, \u00e9 poss\u00edvel saber os nomes que v\u00e3o ocupar os cargos de \u00a0vereadores pelos pr\u00f3ximos quatro anos.<\/p>\n<h2>Sal\u00e1rios<\/h2>\n<p>O sal\u00e1rio dos vereadores \u00e9 determinado pelas respectivas C\u00e2maras Municipais e devem respeitar os seguintes limites m\u00e1ximos, de acordo com o Art. 29 da Constitui\u00e7\u00e3o Federal:<\/p>\n<ul>\n<li>at\u00e9 20% do sal\u00e1rio dos deputados estaduais em munic\u00edpios de at\u00e9 10 mil habitantes;<\/li>\n<li>at\u00e9 30% do sal\u00e1rio dos deputados estaduais em munic\u00edpios com mais de 10 mil at\u00e9 50 mil habitantes;<\/li>\n<li>at\u00e9 40% do sal\u00e1rio dos deputados estaduais em munic\u00edpios com mais de 50 mil at\u00e9 100 mil habitantes;<\/li>\n<li>at\u00e9 50% do sal\u00e1rio dos deputados estaduais em munic\u00edpios com mais de 100 mil at\u00e9 300 mil habitantes;<\/li>\n<li>at\u00e9 60% do sal\u00e1rio dos deputados estaduais em munic\u00edpios com mais de 300 mil at\u00e9 500 mil habitantes;<\/li>\n<li>at\u00e9 75% do sal\u00e1rio dos deputados estaduais em munic\u00edpios com mais de 500 mil habitantes;<\/li>\n<li>o total de despesas com remunera\u00e7\u00e3o dos vereadores n\u00e3o pode passar de 5% da receita do munic\u00edpio.<\/li>\n<\/ul>\n<p>Os sal\u00e1rios dos deputados estaduais tamb\u00e9m s\u00e3o definidos pela legisla\u00e7\u00e3o de cada estado, mas, em geral, podem chegar a R$ 33.006,39, como em Minas Gerais.<\/p>\n<p>O cientista pol\u00edtico Andr\u00e9 C\u00e9sar explica de onde vem os recursos para pagar o sal\u00e1rio dos vereadores.<\/p>\n<p>\u201cOs recursos do munic\u00edpio v\u00eam de impostos locais. O IPTU \u00e9 o principal recurso que o munic\u00edpio arrecada. Os repasses federais e estaduais tamb\u00e9m fazem parte da manuten\u00e7\u00e3o do munic\u00edpio e entram tamb\u00e9m no pacote.\u201d<\/p>\n<p>Para conferir os valores, acesse o portal da transpar\u00eancia de cada munic\u00edpio.\u00a0<\/p>\n<p><strong><a href=\"https:\/\/brasil61.com\/n\/eleicoes-2024-qual-e-a-funcao-e-o-salario-do-prefeito-bras2412623\" target=\"_blank\" rel=\"noopener\">Elei\u00e7\u00f5es 2024: Qual \u00e9 a fun\u00e7\u00e3o e o sal\u00e1rio do prefeito?<\/a><\/strong><\/p>\n<p><strong><a href=\"https:\/\/brasil61.com\/n\/eleicoes-2024-metade-dos-municipios-tem-apenas-dois-candidatos-a-prefeito-bras2412607\" target=\"_blank\" rel=\"noopener\">Elei\u00e7\u00f5es 2024: metade dos munic\u00edpios tem apenas dois candidatos a prefeito<\/a><\/strong><\/p>\n<p>\t\t\t\t\t\t\t\t\t<img loading=\"lazy\" decoding=\"async\" src=\"https:\/\/brasil61.com\/api\/v1\/serve_pixel\/17677\/76612\" alt=\"Pixel Brasil 61\" class=\"b61_pixel\" width=\"0\" height=\"0\"><\/p>\n<input type=\"hidden\" id=\"baseurl\" value=\"https:\/\/noticiasdestaque.com.br\"><input type=\"hidden\" id=\"audio_nonce\" value=\"6a24ca502e\">","protected":false},"excerpt":{"rendered":"<p>Remunera\u00e7\u00e3o do representante do Poder Legislativo Municipal \u00e9 definida pelas respectivas C\u00e2maras Municipais e n\u00e3o pode ser maior que o sal\u00e1rio de um deputado estadual<\/p>\n","protected":false},"author":1,"featured_media":38881,"comment_status":"open","ping_status":"open","sticky":false,"template":"","format":"standard","meta":{"fifu_image_url":"","fifu_image_alt":"","footnotes":""},"categories":[50],"tags":[],"class_list":["post-38880","post","type-post","status-publish","format-standard","has-post-thumbnail","hentry","category-politica"],"distributor_meta":false,"distributor_terms":false,"distributor_media":false,"distributor_original_site_name":"Noticias em Destaque","distributor_original_site_url":"https:\/\/noticiasdestaque.com.br","push-errors":false,"_links":{"self":[{"href":"https:\/\/noticiasdestaque.com.br\/index.php\/wp-json\/wp\/v2\/posts\/38880","targetHints":{"allow":["GET"]}}],"collection":[{"href":"https:\/\/noticiasdestaque.com.br\/index.php\/wp-json\/wp\/v2\/posts"}],"about":[{"href":"https:\/\/noticiasdestaque.com.br\/index.php\/wp-json\/wp\/v2\/types\/post"}],"author":[{"embeddable":true,"href":"https:\/\/noticiasdestaque.com.br\/index.php\/wp-json\/wp\/v2\/users\/1"}],"replies":[{"embeddable":true,"href":"https:\/\/noticiasdestaque.com.br\/index.php\/wp-json\/wp\/v2\/comments?post=38880"}],"version-history":[{"count":0,"href":"https:\/\/noticiasdestaque.com.br\/index.php\/wp-json\/wp\/v2\/posts\/38880\/revisions"}],"wp:featuredmedia":[{"embeddable":true,"href":"https:\/\/noticiasdestaque.com.br\/index.php\/wp-json\/wp\/v2\/media\/38881"}],"wp:attachment":[{"href":"https:\/\/noticiasdestaque.com.br\/index.php\/wp-json\/wp\/v2\/media?parent=38880"}],"wp:term":[{"taxonomy":"category","embeddable":true,"href":"https:\/\/noticiasdestaque.com.br\/index.php\/wp-json\/wp\/v2\/categories?post=38880"},{"taxonomy":"post_tag","embeddable":true,"href":"https:\/\/noticiasdestaque.com.br\/index.php\/wp-json\/wp\/v2\/tags?post=38880"}],"curies":[{"name":"wp","href":"https:\/\/api.w.org\/{rel}","templated":true}]}}