{"id":38876,"date":"2024-09-12T16:00:00","date_gmt":"2024-09-12T19:00:00","guid":{"rendered":"https:\/\/noticiasdestaque.com.br\/index.php\/2024\/09\/12\/eleicoes-2024-qual-e-a-funcao-e-o-salario-do-prefeito\/"},"modified":"2024-09-12T16:00:00","modified_gmt":"2024-09-12T19:00:00","slug":"eleicoes-2024-qual-e-a-funcao-e-o-salario-do-prefeito","status":"publish","type":"post","link":"https:\/\/noticiasdestaque.com.br\/index.php\/2024\/09\/12\/eleicoes-2024-qual-e-a-funcao-e-o-salario-do-prefeito\/","title":{"rendered":"Elei\u00e7\u00f5es 2024: Qual \u00e9 a fun\u00e7\u00e3o e o sal\u00e1rio do prefeito?"},"content":{"rendered":"<p>\t\t\t\t\t\t\t\t\t\t<audio controls class=\"b61_audio_player\" data-noticia=\"76578\" src=\"https:\/\/brasil61.com\/rails\/active_storage\/blobs\/eyJfcmFpbHMiOnsibWVzc2FnZSI6IkJBaHBBNzcvQWc9PSIsImV4cCI6bnVsbCwicHVyIjoiYmxvYl9pZCJ9fQ==--f44f05da2acd19607fbc48618ebe73fcf89eb5a8\/BRAS2412623A\"><\/audio><\/p>\n<p>No pr\u00f3ximo dia 6 de outubro, brasileiros e brasileiras v\u00e3o \u00e0s urnas para eleger prefeitos e\u00a0vice-prefeitos, al\u00e9m de vereadores,\u00a0 para os 5.569 munic\u00edpios do pa\u00eds. E antes de escolher o candidato ideal para chefiar a cidade, \u00e9 importante saber qual \u00e9 a fun\u00e7\u00e3o e o sal\u00e1rio que o eleito vai receber a partir de 1\u00ba de janeiro de 2025.<\/p>\n<p>O cientista pol\u00edtico e s\u00f3cio da Hold Assessoria Legislativa, Andr\u00e9 C\u00e9sar, explica que o prefeito \u00e9 o chefe do Poder Executivo Municipal e o vice \u00e9 o substituto.<\/p>\n<p>\u201cO prefeito \u00e9 o chefe do Executivo Municipal. Ele coordena todas as pol\u00edticas p\u00fablicas, ele coordena a gest\u00e3o geral. \u00c9 o chefe do Executivo Municipal, assim como o governador, com suas fun\u00e7\u00f5es, como o presidente da Rep\u00fablica, [mas] no \u00e2mbito local, no \u00e2mbito da cidade. O vice-prefeito basicamente substitui o prefeito na aus\u00eancia desse. Por que motivo? Se ele estiver em uma miss\u00e3o fora [da cidade], ou se ausentar por [motivo de] sa\u00fade, licen\u00e7a, o vice assume as fun\u00e7\u00f5es do prefeito.\u201d<\/p>\n<p>Durante o mandato de quatro anos, cabe ao prefeito ou \u00e0 prefeita:\u00a0<\/p>\n<ul>\n<li>desenvolver pol\u00edticas p\u00fablicas para garantir o bem-estar da popula\u00e7\u00e3o local;\u00a0<\/li>\n<li>ouvir e atender \u00e0s demandas dos moradores;<\/li>\n<li>proteger o patrim\u00f4nio hist\u00f3rico-cultural do munic\u00edpio;<\/li>\n<li>garantir o transporte p\u00fablico e a organiza\u00e7\u00e3o do tr\u00e2nsito;<\/li>\n<li>pavimentar ruas;<\/li>\n<li>construir e preservar espa\u00e7os de p\u00fablicos;<\/li>\n<li>apresentar projetos de lei \u00e0 C\u00e2mara Municipal, al\u00e9m de sancionar ou vetar projetos aprovados pelos vereadores;<\/li>\n<li>zelar pelo meio ambiente, limpeza e saneamento b\u00e1sico do munic\u00edpio;<\/li>\n<li>arrecadar e administrar a aplica\u00e7\u00e3o dos impostos municipais;<\/li>\n<li>implementar e manter em boas condi\u00e7\u00f5es de funcionamento\u00a0postos de sa\u00fade, escolas e creches municipais, entre outras fun\u00e7\u00f5es.<\/li>\n<\/ul>\n<p>A elei\u00e7\u00e3o para prefeito e respectivo vice \u00e9 feita por vota\u00e7\u00e3o majorit\u00e1ria, da mesma forma como \u00e9 feita\u00a0para governador estadual e presidente da Rep\u00fablica. Em cidades com mais de 200 mil eleitores, pode haver a necessidade de segundo turno, caso uma candidatura n\u00e3o alcance mais da metade dos votos v\u00e1lidos na primeira vota\u00e7\u00e3o.<\/p>\n<p>Nesse caso, no dia 27 de outubro de 2024, os eleitores devem escolher entre os dois concorrentes mais votados na primeira etapa.\u00a0<\/p>\n<h2>Sal\u00e1rios<\/h2>\n<p>Os sal\u00e1rios dos prefeitos e dos vices s\u00e3o determinados de acordo com cada lei municipal. Segundo o Art. 37 inciso XI da Constitui\u00e7\u00e3o Federal, o valor n\u00e3o pode ser maior que a remunera\u00e7\u00e3o de um ministro do Supremo Tribunal Federal, que este ano passou a receber R$ 44 mil.<\/p>\n<p>O cientista pol\u00edtico Andr\u00e9 C\u00e9sar explica de onde vem os recursos para pagar o sal\u00e1rio do prefeito e do vice.<\/p>\n<p>\u201cOs recursos do munic\u00edpio v\u00eam de impostos locais. O IPTU \u00e9 o principal recurso que o munic\u00edpio arrecada. Os repasses federais e estaduais tamb\u00e9m fazem parte\u00a0da manuten\u00e7\u00e3o do munic\u00edpio e entram tamb\u00e9m no pacote.\u201d<\/p>\n<p>Para conferir os valores,\u00a0acesse o portal da transpar\u00eancia de cada munic\u00edpio.\u00a0<\/p>\n<p><strong><a href=\"https:\/\/brasil61.com\/n\/eleicoes-2024-metade-dos-municipios-tem-apenas-dois-candidatos-a-prefeito-bras2412607\" target=\"_blank\" rel=\"noopener\">Elei\u00e7\u00f5es 2024: metade dos munic\u00edpios tem apenas dois candidatos a prefeito<\/a><\/strong><\/p>\n<p><strong><a href=\"https:\/\/brasil61.com\/n\/eleicoes-2024-minas-gerais-tem-mais-de-73-mil-candidatos-bras2412600\" target=\"_blank\" rel=\"noopener\">Elei\u00e7\u00f5es 2024: Minas Gerais tem mais de 73 mil candidatos<\/a><\/strong><\/p>\n<p>\t\t\t\t\t\t\t\t\t<img loading=\"lazy\" decoding=\"async\" src=\"https:\/\/brasil61.com\/api\/v1\/serve_pixel\/17677\/76578\" alt=\"Pixel Brasil 61\" class=\"b61_pixel\" width=\"0\" height=\"0\"><\/p>\n<input type=\"hidden\" id=\"baseurl\" value=\"https:\/\/noticiasdestaque.com.br\"><input type=\"hidden\" id=\"audio_nonce\" value=\"581f3017e1\">","protected":false},"excerpt":{"rendered":"<p>Remunera\u00e7\u00e3o do chefe do Poder Executivo Municipal \u00e9 definida de acordo com cada lei municipal e n\u00e3o pode ser maior que o sal\u00e1rio de um ministro do STF<\/p>\n","protected":false},"author":1,"featured_media":38877,"comment_status":"open","ping_status":"open","sticky":false,"template":"","format":"standard","meta":{"fifu_image_url":"","fifu_image_alt":"","footnotes":""},"categories":[50],"tags":[],"class_list":["post-38876","post","type-post","status-publish","format-standard","has-post-thumbnail","hentry","category-politica"],"distributor_meta":false,"distributor_terms":false,"distributor_media":false,"distributor_original_site_name":"Noticias em Destaque","distributor_original_site_url":"https:\/\/noticiasdestaque.com.br","push-errors":false,"_links":{"self":[{"href":"https:\/\/noticiasdestaque.com.br\/index.php\/wp-json\/wp\/v2\/posts\/38876","targetHints":{"allow":["GET"]}}],"collection":[{"href":"https:\/\/noticiasdestaque.com.br\/index.php\/wp-json\/wp\/v2\/posts"}],"about":[{"href":"https:\/\/noticiasdestaque.com.br\/index.php\/wp-json\/wp\/v2\/types\/post"}],"author":[{"embeddable":true,"href":"https:\/\/noticiasdestaque.com.br\/index.php\/wp-json\/wp\/v2\/users\/1"}],"replies":[{"embeddable":true,"href":"https:\/\/noticiasdestaque.com.br\/index.php\/wp-json\/wp\/v2\/comments?post=38876"}],"version-history":[{"count":0,"href":"https:\/\/noticiasdestaque.com.br\/index.php\/wp-json\/wp\/v2\/posts\/38876\/revisions"}],"wp:featuredmedia":[{"embeddable":true,"href":"https:\/\/noticiasdestaque.com.br\/index.php\/wp-json\/wp\/v2\/media\/38877"}],"wp:attachment":[{"href":"https:\/\/noticiasdestaque.com.br\/index.php\/wp-json\/wp\/v2\/media?parent=38876"}],"wp:term":[{"taxonomy":"category","embeddable":true,"href":"https:\/\/noticiasdestaque.com.br\/index.php\/wp-json\/wp\/v2\/categories?post=38876"},{"taxonomy":"post_tag","embeddable":true,"href":"https:\/\/noticiasdestaque.com.br\/index.php\/wp-json\/wp\/v2\/tags?post=38876"}],"curies":[{"name":"wp","href":"https:\/\/api.w.org\/{rel}","templated":true}]}}