{"id":38854,"date":"2024-10-03T10:54:00","date_gmt":"2024-10-03T13:54:00","guid":{"rendered":"https:\/\/noticiasdestaque.com.br\/index.php\/2024\/10\/03\/morre-cid-moreira-aos-97-anos-um-dos-principais-nomes-da-comunicacao-brasileira\/"},"modified":"2024-10-03T10:54:00","modified_gmt":"2024-10-03T13:54:00","slug":"morre-cid-moreira-aos-97-anos-um-dos-principais-nomes-da-comunicacao-brasileira","status":"publish","type":"post","link":"https:\/\/noticiasdestaque.com.br\/index.php\/2024\/10\/03\/morre-cid-moreira-aos-97-anos-um-dos-principais-nomes-da-comunicacao-brasileira\/","title":{"rendered":"Morre Cid Moreira aos 97 anos, um dos principais nomes da comunica\u00e7\u00e3o brasileira"},"content":{"rendered":"<p>\t\t\t\t\t\t\t\t\t\t<audio controls class=\"b61_audio_player\" data-noticia=\"77790\" src=\"https:\/\/brasil61.com\/rails\/active_storage\/blobs\/eyJfcmFpbHMiOnsibWVzc2FnZSI6IkJBaHBBNUlHQXc9PSIsImV4cCI6bnVsbCwicHVyIjoiYmxvYl9pZCJ9fQ==--fc2f1de74a8d2482121da8a9f7cd12a2757192e5\/BRAS2412746A\"><\/audio><\/p>\n<p>O jornalista, apresentador e locutor Cid Moreira morreu nesta quinta-feira (3), aos 97 anos, por volta das 8h. Considerado um dos nomes mais marcantes da comunica\u00e7\u00e3o brasileira, ele estava internado no Hospital Santa Teresa, em Petr\u00f3polis, no Rio de Janeiro. \u00a0<\/p>\n<p>Nas \u00faltimas semanas, vinha tratando de uma pneumonia e teve fal\u00eancia m\u00faltipla de \u00f3rg\u00e3os. At\u00e9 a publica\u00e7\u00e3o desta reportagem, n\u00e3o havia informa\u00e7\u00f5es oficiais sobre hor\u00e1rio e local do vel\u00f3rio.\u00a0<\/p>\n<p>Nascido na cidade de Taubat\u00e9 (SP), em 27 de setembro de 1927, Cid Moreira come\u00e7ou a carreia no r\u00e1dio na d\u00e9cada de 1940, atuando, com o passar do tempo, na R\u00e1dio Bandeirantes e na Propago Publicidade.<\/p>\n<p>No in\u00edcio dos anos 1950, foi para o Rio de Janeiro, onde come\u00e7ou a ter as primeiras experi\u00eancias na televis\u00e3o. Na ocasi\u00e3o, ele apresentava comerciais em programas como \u201cAl\u00e9m da Imagina\u00e7\u00e3o\u201d e \u201cNoite de Gala\u201d, na TV Rio. J\u00e1 a estreia dele nos notici\u00e1rios ocorreu em 1963, no \u201cJornal de Vanguarda\u201d. Nos anos seguintes, passou por emissoras como Tupi, Globo e Continental.<\/p>\n<p>No final dos anos 1960, passou a atuar no \u201cJornal da Globo\u201d. Na mesma \u00e9poca, come\u00e7ou a integrar a equipe do \u201cJornal Nacional\u201d. A estreia ocorreu em setembro de 1969. Cid Moreira tamb\u00e9m teve passagens pelo Fant\u00e1stico\u201d.<\/p>\n<p>J\u00e1 na d\u00e9cada de 1990, passou a se dedicar \u00e0 grava\u00e7\u00e3o de passagens b\u00edblicas. Em 2011, gravou a B\u00edblia na \u00edntegra, projeto que se tornou um sucesso de vendas. Em 2010, a esposa dele, F\u00e1tima Sampaio Moreira, lan\u00e7ou a biografia \u201cBoa Noite \u2013 Cid Moreira, a Grande Voz da Comunica\u00e7\u00e3o do Brasil\u201d.\u00a0<br \/>\n\u00a0<\/p>\n<p>\t\t\t\t\t\t\t\t\t<img loading=\"lazy\" decoding=\"async\" src=\"https:\/\/brasil61.com\/api\/v1\/serve_pixel\/17677\/77790\" alt=\"Pixel Brasil 61\" class=\"b61_pixel\" width=\"0\" height=\"0\"><\/p>\n<input type=\"hidden\" id=\"baseurl\" value=\"https:\/\/noticiasdestaque.com.br\"><input type=\"hidden\" id=\"audio_nonce\" value=\"6f73a554f1\">","protected":false},"excerpt":{"rendered":"<p>Nas \u00faltimas semanas, Cid Moreira vinha tratando de uma pneumonia e teve fal\u00eancia m\u00faltipla de \u00f3rg\u00e3os<\/p>\n","protected":false},"author":1,"featured_media":38855,"comment_status":"open","ping_status":"open","sticky":false,"template":"","format":"standard","meta":{"fifu_image_url":"","fifu_image_alt":"","footnotes":""},"categories":[48],"tags":[],"class_list":["post-38854","post","type-post","status-publish","format-standard","has-post-thumbnail","hentry","category-mundo"],"distributor_meta":false,"distributor_terms":false,"distributor_media":false,"distributor_original_site_name":"Noticias em Destaque","distributor_original_site_url":"https:\/\/noticiasdestaque.com.br","push-errors":false,"_links":{"self":[{"href":"https:\/\/noticiasdestaque.com.br\/index.php\/wp-json\/wp\/v2\/posts\/38854","targetHints":{"allow":["GET"]}}],"collection":[{"href":"https:\/\/noticiasdestaque.com.br\/index.php\/wp-json\/wp\/v2\/posts"}],"about":[{"href":"https:\/\/noticiasdestaque.com.br\/index.php\/wp-json\/wp\/v2\/types\/post"}],"author":[{"embeddable":true,"href":"https:\/\/noticiasdestaque.com.br\/index.php\/wp-json\/wp\/v2\/users\/1"}],"replies":[{"embeddable":true,"href":"https:\/\/noticiasdestaque.com.br\/index.php\/wp-json\/wp\/v2\/comments?post=38854"}],"version-history":[{"count":0,"href":"https:\/\/noticiasdestaque.com.br\/index.php\/wp-json\/wp\/v2\/posts\/38854\/revisions"}],"wp:featuredmedia":[{"embeddable":true,"href":"https:\/\/noticiasdestaque.com.br\/index.php\/wp-json\/wp\/v2\/media\/38855"}],"wp:attachment":[{"href":"https:\/\/noticiasdestaque.com.br\/index.php\/wp-json\/wp\/v2\/media?parent=38854"}],"wp:term":[{"taxonomy":"category","embeddable":true,"href":"https:\/\/noticiasdestaque.com.br\/index.php\/wp-json\/wp\/v2\/categories?post=38854"},{"taxonomy":"post_tag","embeddable":true,"href":"https:\/\/noticiasdestaque.com.br\/index.php\/wp-json\/wp\/v2\/tags?post=38854"}],"curies":[{"name":"wp","href":"https:\/\/api.w.org\/{rel}","templated":true}]}}