{"id":38844,"date":"2024-09-29T13:00:00","date_gmt":"2024-09-29T16:00:00","guid":{"rendered":"https:\/\/noticiasdestaque.com.br\/index.php\/2024\/09\/29\/cerca-de-154-milhoes-de-pessoas-foram-afetadas-pelas-queimadas-em-2024\/"},"modified":"2024-09-29T13:00:00","modified_gmt":"2024-09-29T16:00:00","slug":"cerca-de-154-milhoes-de-pessoas-foram-afetadas-pelas-queimadas-em-2024","status":"publish","type":"post","link":"https:\/\/noticiasdestaque.com.br\/index.php\/2024\/09\/29\/cerca-de-154-milhoes-de-pessoas-foram-afetadas-pelas-queimadas-em-2024\/","title":{"rendered":"Cerca de 15,4 milh\u00f5es de pessoas foram afetadas pelas queimadas em 2024"},"content":{"rendered":"<p>\t\t\t\t\t\t\t\t\t\t<audio controls class=\"b61_audio_player\" data-noticia=\"77716\" src=\"https:\/\/brasil61.com\/rails\/active_storage\/blobs\/eyJfcmFpbHMiOnsibWVzc2FnZSI6IkJBaHBBendGQXc9PSIsImV4cCI6bnVsbCwicHVyIjoiYmxvYl9pZCJ9fQ==--fb265be67e8b23d19022daafa3902508832a2cf1\/BRAS2412721A\"><\/audio><\/p>\n<p>Cerca de 15,4 milh\u00f5es de pessoas j\u00e1 foram diretamente prejudicadas por inc\u00eandios florestais desde o in\u00edcio deste ano. \u00c9 o que aponta um <a href=\"https:\/\/cnm.org.br\/storage\/noticias\/2023\/Links\/diagramado%20-%20Inc%C3%AAndios%20florestais%20castigam%20o%20Brasil%20no%20m%C3%AAs%20de%20agosto%2026092024-atualizado.pdf\" target=\"_blank\" rel=\"noopener\">levantamento feito pela Confedera\u00e7\u00e3o Nacional dos Munic\u00edpios (CNM)<\/a>, com dados at\u00e9 25 de setembro. Os preju\u00edzos econ\u00f4micos com as queimadas j\u00e1 somam R$ 1,3 bilh\u00e3o s\u00f3 em 2024.\u00a0<\/p>\n<p>Os n\u00fameros mostram um aumento em compara\u00e7\u00e3o com o ano passado, quando 12,4 mil pessoas foram afetadas pelos inc\u00eandios florestais e o impacto econ\u00f4mico foi de R$ 29,1 milh\u00f5es, segundo a CNM.<\/p>\n<p>De acordo com o levantamento, entre o total de afetados em 2024, 1.042 pessoas tiveram que deixar as pr\u00f3prias casas. O n\u00famero pode ser ainda maior, j\u00e1 que a informa\u00e7\u00e3o sobre desalojados e desabrigados ainda n\u00e3o foi preenchida pela maioria dos munic\u00edpios.\u00a0<\/p>\n<h2>A\u00e7\u00f5es do Minist\u00e9rio da Sa\u00fade<\/h2>\n<p>Na \u00faltima quinta-feira (26), a ministra da Sa\u00fade N\u00edsia Trindade declarou que \u201ca ordem \u00e9 acelerar ao m\u00e1ximo\u201d os processos dentro da pasta para apoio e assist\u00eancia \u00e0s regi\u00f5es afetadas pelas queimadas, estiagem e seca extrema.<\/p>\n<p>Em setembro, o Minist\u00e9rio da Sa\u00fade liberou mais de R$ 4 milh\u00f5es para os munic\u00edpios da Regi\u00e3o Norte, com foco na resposta \u00e0 emerg\u00eancia em sa\u00fade p\u00fablica. Segundo a Secretaria de Aten\u00e7\u00e3o Prim\u00e1ria, a procura por atendimento nas Unidades B\u00e1sicas de Sa\u00fade mais que dobrou em algumas localidades do pa\u00eds em fun\u00e7\u00e3o\u00a0dos efeitos das mudan\u00e7as clim\u00e1ticas.<\/p>\n<p><strong><a href=\"https:\/\/brasil61.com\/n\/seca-extrema-acao-humana-e-uma-das-causas-principais-do-fenomeno-climatico-bras2412690\" target=\"_blank\" rel=\"noopener\">Seca extrema: a\u00e7\u00e3o humana \u00e9 uma das causas principais do fen\u00f4meno clim\u00e1tico<\/a><\/strong><\/p>\n<p><strong><a href=\"https:\/\/brasil61.com\/n\/seca-mais-severa-da-historia-do-pais-vai-pesar-nos-bolsos-dos-brasileiros-bras2412585\" target=\"_blank\" rel=\"noopener\">Seca mais severa da hist\u00f3ria do pa\u00eds vai pesar nos bolsos dos brasileiros<\/a><\/strong><\/p>\n<p>\t\t\t\t\t\t\t\t\t<img loading=\"lazy\" decoding=\"async\" src=\"https:\/\/brasil61.com\/api\/v1\/serve_pixel\/17677\/77716\" alt=\"Pixel Brasil 61\" class=\"b61_pixel\" width=\"0\" height=\"0\"><\/p>\n<input type=\"hidden\" id=\"baseurl\" value=\"https:\/\/noticiasdestaque.com.br\"><input type=\"hidden\" id=\"audio_nonce\" value=\"6f73a554f1\">","protected":false},"excerpt":{"rendered":"<p>\u00c9 o que aponta um levantamento feito pela Confedera\u00e7\u00e3o Nacional dos Munic\u00edpios, com dados at\u00e9 25 de setembro. Os preju\u00edzos econ\u00f4micos j\u00e1 somam R$ 1,3 bilh\u00e3o s\u00f3 este ano<\/p>\n","protected":false},"author":1,"featured_media":38845,"comment_status":"open","ping_status":"open","sticky":false,"template":"","format":"standard","meta":{"fifu_image_url":"","fifu_image_alt":"","footnotes":""},"categories":[48],"tags":[],"class_list":["post-38844","post","type-post","status-publish","format-standard","has-post-thumbnail","hentry","category-mundo"],"distributor_meta":false,"distributor_terms":false,"distributor_media":false,"distributor_original_site_name":"Noticias em Destaque","distributor_original_site_url":"https:\/\/noticiasdestaque.com.br","push-errors":false,"_links":{"self":[{"href":"https:\/\/noticiasdestaque.com.br\/index.php\/wp-json\/wp\/v2\/posts\/38844","targetHints":{"allow":["GET"]}}],"collection":[{"href":"https:\/\/noticiasdestaque.com.br\/index.php\/wp-json\/wp\/v2\/posts"}],"about":[{"href":"https:\/\/noticiasdestaque.com.br\/index.php\/wp-json\/wp\/v2\/types\/post"}],"author":[{"embeddable":true,"href":"https:\/\/noticiasdestaque.com.br\/index.php\/wp-json\/wp\/v2\/users\/1"}],"replies":[{"embeddable":true,"href":"https:\/\/noticiasdestaque.com.br\/index.php\/wp-json\/wp\/v2\/comments?post=38844"}],"version-history":[{"count":0,"href":"https:\/\/noticiasdestaque.com.br\/index.php\/wp-json\/wp\/v2\/posts\/38844\/revisions"}],"wp:featuredmedia":[{"embeddable":true,"href":"https:\/\/noticiasdestaque.com.br\/index.php\/wp-json\/wp\/v2\/media\/38845"}],"wp:attachment":[{"href":"https:\/\/noticiasdestaque.com.br\/index.php\/wp-json\/wp\/v2\/media?parent=38844"}],"wp:term":[{"taxonomy":"category","embeddable":true,"href":"https:\/\/noticiasdestaque.com.br\/index.php\/wp-json\/wp\/v2\/categories?post=38844"},{"taxonomy":"post_tag","embeddable":true,"href":"https:\/\/noticiasdestaque.com.br\/index.php\/wp-json\/wp\/v2\/tags?post=38844"}],"curies":[{"name":"wp","href":"https:\/\/api.w.org\/{rel}","templated":true}]}}