{"id":38842,"date":"2024-09-27T01:00:00","date_gmt":"2024-09-27T04:00:00","guid":{"rendered":"https:\/\/noticiasdestaque.com.br\/index.php\/2024\/09\/27\/eleicoes-2024-direita-prevalece-entre-eleitores-que-declaram-posicionamento-politico\/"},"modified":"2024-09-27T01:00:00","modified_gmt":"2024-09-27T04:00:00","slug":"eleicoes-2024-direita-prevalece-entre-eleitores-que-declaram-posicionamento-politico","status":"publish","type":"post","link":"https:\/\/noticiasdestaque.com.br\/index.php\/2024\/09\/27\/eleicoes-2024-direita-prevalece-entre-eleitores-que-declaram-posicionamento-politico\/","title":{"rendered":"ELEI\u00c7\u00d5ES 2024: Direita prevalece entre eleitores que declaram posicionamento pol\u00edtico"},"content":{"rendered":"<p>\t\t\t\t\t\t\t\t\t\t<audio controls class=\"b61_audio_player\" data-noticia=\"77679\" src=\"https:\/\/brasil61.com\/rails\/active_storage\/blobs\/eyJfcmFpbHMiOnsibWVzc2FnZSI6IkJBaHBBK3NFQXc9PSIsImV4cCI6bnVsbCwicHVyIjoiYmxvYl9pZCJ9fQ==--56d311fe25ea5ece227fb15dcf7de056ad68f7a3\/BRAS2412710A\"><\/audio><\/p>\n<p>A prefer\u00eancia por um posicionamento pol\u00edtico mais \u00e0 direita prevalece entre os eleitores brasileiros que se identificam com alguma ala pol\u00edtica. \u00c9 o que revela o Panorama Pol\u00edtico 2024 \u2013 uma pesquisa feita pelo DataSenado em parceria com a Nexus, \u00e1rea de Pesquisa e Intelig\u00eancia de Dados da FSB Holding.<\/p>\n<p>De acordo com o levantamento, 29% dos entrevistados dizem que se identificam com a direita. J\u00e1 15% se denominam de esquerda, enquanto 11% dizem ser de centro. Os tr\u00eas grupos somam 55%.\u00a0<\/p>\n<p>Por outro lado, 40% dos eleitores do pa\u00eds afirmam que n\u00e3o se identificam com nenhum posicionamento pol\u00edtico, enquanto 6% disseram que n\u00e3o sabem ou n\u00e3o quiseram responder.\u00a0<\/p>\n<p>Na avalia\u00e7\u00e3o do analista do DataSenado, Jos\u00e9 Henrique Varanda, os dados gerais da pesquisa apontam que, em uma an\u00e1lise mais ampla, o Brasil n\u00e3o conta com uma polariza\u00e7\u00e3o entre os posicionamentos pol\u00edticos mais comuns.<\/p>\n<p>\u201cUma parte relevante da popula\u00e7\u00e3o ou n\u00e3o \u00e9 t\u00e3o politizada ou n\u00e3o enxerga exatamente essas \u2018caixinhas\u2019 que se fala mais \u2013 de direta, esquerda ou centro. Talvez tenham um v\u00ednculo mais direto com os pr\u00f3prios pol\u00edticos ou com alguns partidos. Se ainda colocarmos as pessoas de centro como um pouco menos polarizadas e incluir nesse bojo do mais agn\u00f3sticos, juntando com as que n\u00e3o souberam ou preferiram n\u00e3o responder, chegamos ao patamar de 57% da popula\u00e7\u00e3o\u201d, considera.\u00a0<\/p>\n<h2>Cen\u00e1rio por religi\u00e3o\u00a0<\/h2>\n<p>A pesquisa tamb\u00e9m mostra o cen\u00e1rio entre algumas religi\u00f5es. Entre os evang\u00e9licos, por exemplo, 35% se consideram de direita, 9% de centro e 8% de esquerda.\u00a0<\/p>\n<p>J\u00e1 entre os cat\u00f3licos, 28% dizem ser de direita. Para 15%, o posicionamento \u00e9 de esquerda. Outros 10% afirmam ser de centro.\u00a0<\/p>\n<p>J\u00e1 no grupo \u201coutras\/sem religi\u00e3o\u201d, tanto direita quanto esquerda alcan\u00e7am 21%, seguidas por 13% de centro.\u00a0<\/p>\n<h2>Homem e mulheres<\/h2>\n<p>Ainda de acordo com o levantamento, entre as mulheres\u00a0a taxa que n\u00e3o se identifica com nenhuma ideologia pol\u00edtica alcan\u00e7a 46%, frente a 34% em rela\u00e7\u00e3o aos homens.\u00a0<\/p>\n<p>Quanto aos eleitores do sexo masculino, 34% se consideram de direita, enquanto a taxa entre as mulheres \u00e9 de 24%.\u00a0<\/p>\n<p><a href=\"https:\/\/brasil61.com\/n\/e-fake-comprovante-de-votacao-nao-serve-como-prova-de-vida-bras2412657\" target=\"_blank\" rel=\"noopener\">\u00c9 fake: comprovante de vota\u00e7\u00e3o n\u00e3o serve como prova de vida<\/a><\/p>\n<p><a href=\"https:\/\/brasil61.com\/n\/eleicoes-senadora-sugere-que-tse-divulgue-secoes-eleitorais-com-acessibilidade-bras2412640\" target=\"_blank\" rel=\"noopener\">Elei\u00e7\u00f5es: senadora sugere que TSE divulgue se\u00e7\u00f5es eleitorais com acessibilidade<\/a><\/p>\n<p><a href=\"https:\/\/brasil61.com\/n\/eleicoes-2024-qual-e-a-funcao-e-o-salario-do-vereador-bras2412628\" target=\"_blank\" rel=\"noopener\">Elei\u00e7\u00f5es 2024: Qual \u00e9 a fun\u00e7\u00e3o e o sal\u00e1rio do vereador?<\/a><\/p>\n<h2>Renda e escolaridade<\/h2>\n<p>A falta de prefer\u00eancia por algum posicionamento pol\u00edtico \u00e9 mais comum entre os eleitores com renda de at\u00e9 dois sal\u00e1rios m\u00ednimos, que corresponde a 47% dos entrevistados. Essa taxa reduz gradativamente at\u00e9 chegar a 21% no grupo com renda acima de seis sal\u00e1rios m\u00ednimos.\u00a0<\/p>\n<p>J\u00e1 em rela\u00e7\u00e3o a todas as faixas, a direita se sobressai tanto em rela\u00e7\u00e3o ao centro quanto \u00e0 esquerda, com apoio de 25% entre os mais pobres e 37% entre os mais ricos.<\/p>\n<p>Segundo Jos\u00e9 Henrique Varanda, trata-se de uma quest\u00e3o que tamb\u00e9m \u00e9 impactada pelo n\u00edvel de escolaridade\u00a0dos eleitores.\u00a0<\/p>\n<p>\u201cTanto que, num maior n\u00edvel de escolaridade, que s\u00e3o aquelas pessoas com n\u00edvel superior incompleto, ou al\u00e9m disso, apenas 28% n\u00e3o consideram nenhum dos tr\u00eas polos pol\u00edticos mais demarcados. J\u00e1 em rela\u00e7\u00e3o \u00e0quelas pessoas que tem at\u00e9 o ensino fundamental incompleto, 45% se dizem n\u00e3o se interessar por pol\u00edtica ou n\u00e3o se enquadrar em nenhum dos tr\u00eas polos\u201d, afirma.\u00a0<\/p>\n<p>A pesquisa foi feita entre os dias 5 e 28 de junho, de 2024. Ao todo, o levantamento ouviu 21.808 brasileiros de todas as unidades da federa\u00e7\u00e3o. O n\u00edvel de confian\u00e7a \u00e9 de 95% e a margem de erro \u00e9 de 1,22 ponto porcentual.<\/p>\n<p>\t\t\t\t\t\t\t\t\t<img loading=\"lazy\" decoding=\"async\" src=\"https:\/\/brasil61.com\/api\/v1\/serve_pixel\/17677\/77679\" alt=\"Pixel Brasil 61\" class=\"b61_pixel\" width=\"0\" height=\"0\"><\/p>\n<input type=\"hidden\" id=\"baseurl\" value=\"https:\/\/noticiasdestaque.com.br\"><input type=\"hidden\" id=\"audio_nonce\" value=\"6a24ca502e\">","protected":false},"excerpt":{"rendered":"<p>Ainda de acordo com pesquisa, 40% dos eleitores do pa\u00eds afirmam que n\u00e3o se identificam com direita, esquerda e nem centro<\/p>\n","protected":false},"author":1,"featured_media":38843,"comment_status":"open","ping_status":"open","sticky":false,"template":"","format":"standard","meta":{"fifu_image_url":"","fifu_image_alt":"","footnotes":""},"categories":[48],"tags":[],"class_list":["post-38842","post","type-post","status-publish","format-standard","has-post-thumbnail","hentry","category-mundo"],"distributor_meta":false,"distributor_terms":false,"distributor_media":false,"distributor_original_site_name":"Noticias em Destaque","distributor_original_site_url":"https:\/\/noticiasdestaque.com.br","push-errors":false,"_links":{"self":[{"href":"https:\/\/noticiasdestaque.com.br\/index.php\/wp-json\/wp\/v2\/posts\/38842","targetHints":{"allow":["GET"]}}],"collection":[{"href":"https:\/\/noticiasdestaque.com.br\/index.php\/wp-json\/wp\/v2\/posts"}],"about":[{"href":"https:\/\/noticiasdestaque.com.br\/index.php\/wp-json\/wp\/v2\/types\/post"}],"author":[{"embeddable":true,"href":"https:\/\/noticiasdestaque.com.br\/index.php\/wp-json\/wp\/v2\/users\/1"}],"replies":[{"embeddable":true,"href":"https:\/\/noticiasdestaque.com.br\/index.php\/wp-json\/wp\/v2\/comments?post=38842"}],"version-history":[{"count":0,"href":"https:\/\/noticiasdestaque.com.br\/index.php\/wp-json\/wp\/v2\/posts\/38842\/revisions"}],"wp:featuredmedia":[{"embeddable":true,"href":"https:\/\/noticiasdestaque.com.br\/index.php\/wp-json\/wp\/v2\/media\/38843"}],"wp:attachment":[{"href":"https:\/\/noticiasdestaque.com.br\/index.php\/wp-json\/wp\/v2\/media?parent=38842"}],"wp:term":[{"taxonomy":"category","embeddable":true,"href":"https:\/\/noticiasdestaque.com.br\/index.php\/wp-json\/wp\/v2\/categories?post=38842"},{"taxonomy":"post_tag","embeddable":true,"href":"https:\/\/noticiasdestaque.com.br\/index.php\/wp-json\/wp\/v2\/tags?post=38842"}],"curies":[{"name":"wp","href":"https:\/\/api.w.org\/{rel}","templated":true}]}}