{"id":38840,"date":"2024-09-20T03:02:00","date_gmt":"2024-09-20T06:02:00","guid":{"rendered":"https:\/\/noticiasdestaque.com.br\/index.php\/2024\/09\/20\/horario-de-verao-medida-sera-retomada-em-2024-entenda-como-funciona\/"},"modified":"2024-09-20T03:02:00","modified_gmt":"2024-09-20T06:02:00","slug":"horario-de-verao-medida-sera-retomada-em-2024-entenda-como-funciona","status":"publish","type":"post","link":"https:\/\/noticiasdestaque.com.br\/index.php\/2024\/09\/20\/horario-de-verao-medida-sera-retomada-em-2024-entenda-como-funciona\/","title":{"rendered":"Hor\u00e1rio de Ver\u00e3o:  medida ser\u00e1 retomada em 2024? Entenda como funciona"},"content":{"rendered":"<p>\t\t\t\t\t\t\t\t\t\t<audio controls class=\"b61_audio_player\" data-noticia=\"77310\" src=\"https:\/\/brasil61.com\/rails\/active_storage\/blobs\/eyJfcmFpbHMiOnsibWVzc2FnZSI6IkJBaHBBMGdEQXc9PSIsImV4cCI6bnVsbCwicHVyIjoiYmxvYl9pZCJ9fQ==--3bd7f772778fa4b298d3ee26ee6e92b125734d35\/BRAS2412672A\"><\/audio><\/p>\n<p dir=\"ltr\">Ele fez parte dos nossos ver\u00f5es por 34 anos seguidos, mas em 2019, o ent\u00e3o presidente Jair Bolsonaro revogou o hor\u00e1rio de ver\u00e3o. Uma das alega\u00e7\u00f5es para a suspens\u00e3o era que a medida impactava pouco o consumo de energia. Mas depois de quase cinco anos, ela pode voltar. As an\u00e1lises do <a href=\"https:\/\/www.gov.br\/mme\/pt-br\">Minist\u00e9rio de Minas e Energia<\/a> e as falas do Ministro Alexandre Silveira apontam para este caminho e a decis\u00e3o deve sair ainda nesta semana.<\/p>\n<p dir=\"ltr\">\u201cO hor\u00e1rio de ver\u00e3o \u00e9 uma possibilidade real, mas n\u00e3o \u00e9 um fato porque tem implica\u00e7\u00f5es, n\u00e3o s\u00f3 energ\u00e9tica, tem implica\u00e7\u00f5es econ\u00f4micas. \u00c9 importante para diminuir o despacho de t\u00e9rmicas nos hor\u00e1rios de ponta, mas \u00e9 uma das medidas, porque ele impacta muito a vida das pessoas\u201d, reconhece o ministro.<\/p>\n<p dir=\"ltr\">Decis\u00e3o que para o especialista em energia e ex-reitor da Universidade de Bras\u00edlia, Ivan Camargo, \u00e9 mais que acertada.<\/p>\n<p dir=\"ltr\">&#8220;Quando voc\u00ea muda o hor\u00e1rio, voc\u00ea aproveita uma hora de luz no final da tarde e economiza uma hora do dia. Essa economia, dividida pelas 24 horas do dia, fica de fato pequena, mas necess\u00e1ria. \u00c9 preciso sinalizar que o pa\u00eds precisa economizar energia.&#8221;<\/p>\n<h2 dir=\"ltr\">Hor\u00e1rio de Ver\u00e3o: como funciona? Adianta ou atrasa o rel\u00f3gio?<\/h2>\n<p dir=\"ltr\">O hor\u00e1rio de ver\u00e3o consiste em adiantar os rel\u00f3gios em uma hora. Na pr\u00e1tica, acordamos com o sol mais fraco e &#8220;ganhamos&#8221; uma hora a mais de sol no fim do dia. Estendendo a claridade at\u00e9 19h, 19h30, em grande parte do pa\u00eds.<\/p>\n<p dir=\"ltr\">Do ponto de vista t\u00e9cnico\u00a0h\u00e1 um ganho, esclarece o professor Ivan.<\/p>\n<p dir=\"ltr\">&#8220;Nesse hor\u00e1rio, as nossas usinas solares \u2014 que agora s\u00e3o significativas na matriz energ\u00e9tica do pa\u00eds \u2014 come\u00e7am a parar de fornecer energia. H\u00e1 uma rampa de queda de fornecimento de energia muito grande que o operador do sistema tem que compensar com as usinas t\u00e9rmicas e hidr\u00e1ulicas, que hoje est\u00e3o secas.&#8221;<\/p>\n<p dir=\"ltr\">Para compensar essa queda da energia solar, tirar um pouco da carga e economizar energia no fim de tarde, \u00e9 muito positivo em termos operacionais para o sistema, explica o especialista.<\/p>\n<h2 dir=\"ltr\">Hor\u00e1rio de Ver\u00e3o: quando deve entrar em vigor?<\/h2>\n<p dir=\"ltr\">Tradicionalmente, o hor\u00e1rio de ver\u00e3o come\u00e7a sempre no primeiro domingo de novembro e termina no terceiro domingo de fevereiro. Se os estudos forem conclu\u00eddos e o governo decidir pelo retorno do hor\u00e1rio de ver\u00e3o, o ministro Silveira j\u00e1 adiantou que a mudan\u00e7a estar\u00e1 apta a come\u00e7ar dentro de 30 dias.<\/p>\n<p>\t\t\t\t\t\t\t\t\t<img loading=\"lazy\" decoding=\"async\" src=\"https:\/\/brasil61.com\/api\/v1\/serve_pixel\/17677\/77310\" alt=\"Pixel Brasil 61\" class=\"b61_pixel\" width=\"0\" height=\"0\"><\/p>\n<input type=\"hidden\" id=\"baseurl\" value=\"https:\/\/noticiasdestaque.com.br\"><input type=\"hidden\" id=\"audio_nonce\" value=\"6a24ca502e\">","protected":false},"excerpt":{"rendered":"<p>Especialista avalia os pontos positivos para o retorno da medida <\/p>\n","protected":false},"author":1,"featured_media":38841,"comment_status":"open","ping_status":"open","sticky":false,"template":"","format":"standard","meta":{"fifu_image_url":"","fifu_image_alt":"","footnotes":""},"categories":[48],"tags":[],"class_list":["post-38840","post","type-post","status-publish","format-standard","has-post-thumbnail","hentry","category-mundo"],"distributor_meta":false,"distributor_terms":false,"distributor_media":false,"distributor_original_site_name":"Noticias em Destaque","distributor_original_site_url":"https:\/\/noticiasdestaque.com.br","push-errors":false,"_links":{"self":[{"href":"https:\/\/noticiasdestaque.com.br\/index.php\/wp-json\/wp\/v2\/posts\/38840","targetHints":{"allow":["GET"]}}],"collection":[{"href":"https:\/\/noticiasdestaque.com.br\/index.php\/wp-json\/wp\/v2\/posts"}],"about":[{"href":"https:\/\/noticiasdestaque.com.br\/index.php\/wp-json\/wp\/v2\/types\/post"}],"author":[{"embeddable":true,"href":"https:\/\/noticiasdestaque.com.br\/index.php\/wp-json\/wp\/v2\/users\/1"}],"replies":[{"embeddable":true,"href":"https:\/\/noticiasdestaque.com.br\/index.php\/wp-json\/wp\/v2\/comments?post=38840"}],"version-history":[{"count":0,"href":"https:\/\/noticiasdestaque.com.br\/index.php\/wp-json\/wp\/v2\/posts\/38840\/revisions"}],"wp:featuredmedia":[{"embeddable":true,"href":"https:\/\/noticiasdestaque.com.br\/index.php\/wp-json\/wp\/v2\/media\/38841"}],"wp:attachment":[{"href":"https:\/\/noticiasdestaque.com.br\/index.php\/wp-json\/wp\/v2\/media?parent=38840"}],"wp:term":[{"taxonomy":"category","embeddable":true,"href":"https:\/\/noticiasdestaque.com.br\/index.php\/wp-json\/wp\/v2\/categories?post=38840"},{"taxonomy":"post_tag","embeddable":true,"href":"https:\/\/noticiasdestaque.com.br\/index.php\/wp-json\/wp\/v2\/tags?post=38840"}],"curies":[{"name":"wp","href":"https:\/\/api.w.org\/{rel}","templated":true}]}}