{"id":38836,"date":"2024-09-26T02:04:00","date_gmt":"2024-09-26T05:04:00","guid":{"rendered":"https:\/\/noticiasdestaque.com.br\/index.php\/2024\/09\/26\/contribuicao-sindical-justica-determina-devolucao-de-recursos-pagos-por-oficiais-da-aojesp\/"},"modified":"2024-09-26T02:04:00","modified_gmt":"2024-09-26T05:04:00","slug":"contribuicao-sindical-justica-determina-devolucao-de-recursos-pagos-por-oficiais-da-aojesp","status":"publish","type":"post","link":"https:\/\/noticiasdestaque.com.br\/index.php\/2024\/09\/26\/contribuicao-sindical-justica-determina-devolucao-de-recursos-pagos-por-oficiais-da-aojesp\/","title":{"rendered":"Contribui\u00e7\u00e3o sindical: Justi\u00e7a determina devolu\u00e7\u00e3o de recursos pagos por oficiais da AOJESP"},"content":{"rendered":"<p>\t\t\t\t\t\t\t\t\t\t<audio controls class=\"b61_audio_player\" data-noticia=\"77633\" src=\"https:\/\/brasil61.com\/rails\/active_storage\/blobs\/eyJfcmFpbHMiOnsibWVzc2FnZSI6IkJBaHBBN2NFQXc9PSIsImV4cCI6bnVsbCwicHVyIjoiYmxvYl9pZCJ9fQ==--4b0c6451c43f2f7b34be9fd1967df9363b38c7f2\/BRAS2412700A\"><\/audio><\/p>\n<p>O Tribunal de Justi\u00e7a de S\u00e3o Paulo manteve, no m\u00eas de setembro, decis\u00e3o de 1\u00aa inst\u00e2ncia\u00a0determinando a devolu\u00e7\u00e3o da contribui\u00e7\u00e3o sindical de 2017 aos oficiais de justi\u00e7a que fazem parte da Associa\u00e7\u00e3o dos Oficiais de Justi\u00e7a de S\u00e3o Paulo <a href=\"https:\/\/aojesp.org.br\/vitoria-da-aojesp-tjsp-confirma-a-devolucao-da-contribuicao-sindical-descontada-indevidamente-da-categoria\/\" target=\"_blank\" rel=\"noopener\">(AOJESP)<\/a>. De acordo com a entidade, os profissionais dessa categoria sofreram descontos indevidos nos sal\u00e1rios.\u00a0<\/p>\n<p>Na decis\u00e3o, o relator afirma que, na mesma data em que foi publicado o comunicado determinando o desconto, foi publicada, no Di\u00e1rio Oficial da Uni\u00e3o, uma Portaria do Minist\u00e9rio do Trabalho e Emprego que suspendeu a Instru\u00e7\u00e3o Normativa que tratava da cobran\u00e7a da contribui\u00e7\u00e3o sindical dos servidores e empregados p\u00fablicos. \u00a0<\/p>\n<p>Segundo a diretora jur\u00eddica da AOJESP, Marilda Lace, a entidade ainda aguarda julgamento de recurso junto ao Tribunal Regional do Trabalho.\u00a0<\/p>\n<h2>Entenda a situa\u00e7\u00e3o atual sobre contribui\u00e7\u00e3o sindical\u00a0<\/h2>\n<p>Em 2017, foi sancionada a chamada Reforma Trabalhista, que entraria em vigor 120 dias depois da publica\u00e7\u00e3o oficial. A medida modificou o texto sobre a Consolida\u00e7\u00e3o das Leis do Trabalho, retirando o car\u00e1ter compuls\u00f3rio da contribui\u00e7\u00e3o sindical. Com isso, foi determinado que as contribui\u00e7\u00f5es aos sindicatos deveriam ocorrer somente mediante autoriza\u00e7\u00e3o pr\u00e9via dos pr\u00f3prios profissionais.<\/p>\n<p><a href=\"https:\/\/brasil61.com\/n\/cidades-bilionarias-92-municipios-tem-receita-acima-de-r-1-bi-confira-ranking-bras2412697\" target=\"_blank\" rel=\"noopener\">Cidades bilion\u00e1rias: 92 munic\u00edpios t\u00eam receita acima de R$ 1 bi; confira ranking<\/a><span>\u00a0<\/span><\/p>\n<p><span>\u00a0<\/span><span>\u00a0<\/span>No entanto, em setembro de 2023, entrou em vigor a decis\u00e3o do Supremo Tribunal Federal (STF) que votou pela constitucionalidade da cobran\u00e7a da contribui\u00e7\u00e3o para os empregados n\u00e3o filiados ao sindicato, quando houver acordo ou conven\u00e7\u00e3o coletiva da categoria.\u00a0<\/p>\n<p>O advogado trabalhista Camilo Caldas, do escrit\u00f3rio Gomes, Almeida e Caldas, explica o que ficou decidido at\u00e9 o momento.\u00a0<\/p>\n<p>\u201cA decis\u00e3o do STF n\u00e3o restabeleceu o imposto sindical, estabeleceu que a princ\u00edpio a contribui\u00e7\u00e3o assistencial deve ser paga, a menos que algu\u00e9m se oponha ao pagamento. Portanto, n\u00e3o estabeleceu propriamente uma obrigatoriedade, mas inverteu aquilo que estava originalmente na lei, que dizia &#8216;s\u00f3 paga quem manifestar o desejo de pagar&#8217;, agora o contr\u00e1rio, &#8216;s\u00f3 paga quem n\u00e3o manifestar o desejo de n\u00e3o pagar&#8217;\u201d, explica.\u00a0<\/p>\n<h2>Projeto de lei pretende mudar regras<\/h2>\n<p>Entre as propostas a respeito do tema que tramitam no Congresso Nacional est\u00e1 o <a href=\"https:\/\/www25.senado.leg.br\/web\/atividade\/materias\/-\/materia\/157065\" target=\"_blank\" rel=\"noopener\">projeto de lei 2099\/2023<\/a>, de autoria do senador <a href=\"https:\/\/www25.senado.leg.br\/web\/senadores\/senador\/-\/perfil\/5959\" target=\"_blank\" rel=\"noopener\">Styvenson Valentim<\/a> (Podemos-RN). Entre outros pontos, a medida pro\u00edbe a cobran\u00e7a da contribui\u00e7\u00e3o sindical dos trabalhadores n\u00e3o filiados aos sindicatos. Al\u00e9m disso, o texto facilita os meios para que os empregados rejeitem a taxa. \u00a0<\/p>\n<p>De acordo com o projeto, a cobran\u00e7a da contribui\u00e7\u00e3o ser\u00e1 feita pelo sindicato exclusivamente por boleto banc\u00e1rio ou via Pix, sendo proibido o desconto em folha de pagamento pelo empregador, com repasse \u00e0s entidades sindicais. A cobran\u00e7a retroativa da contribui\u00e7\u00e3o assistencial tamb\u00e9m \u00e9 vedada. O \u00faltimo local de tr\u00e2mite da proposta foi a Comiss\u00e3o de Assuntos Sociais do Senado.<\/p>\n<h2>Pedidos de cancelamento<\/h2>\n<p>Ao longo do ano, trabalhadores de diferentes categorias formavam filas, em algumas cidades do pa\u00eds, para pedir o cancelamento da cobran\u00e7a da contribui\u00e7\u00e3o sindical. Levantamento do<strong> Brasil 61 <\/strong>mostrou que\u00a0no m\u00eas de abril, por exemplo, no munic\u00edpio de S\u00e3o Gon\u00e7alo (RJ), a cena era comum. \u00a0<br \/>\nEm outros casos, como em Sorocaba, interior de S\u00e3o Paulo, ap\u00f3s conven\u00e7\u00e3o coletiva, um sindicato passou a descontar 12% de contribui\u00e7\u00e3o assistencial ao ano sobre o valor do sal\u00e1rio dos profissionais. Aqueles que se opusessem deveriam pagar uma taxa de R$ 150. \u00a0<br \/>\n\u00a0<\/p>\n<p>\t\t\t\t\t\t\t\t\t<img loading=\"lazy\" decoding=\"async\" src=\"https:\/\/brasil61.com\/api\/v1\/serve_pixel\/17677\/77633\" alt=\"Pixel Brasil 61\" class=\"b61_pixel\" width=\"0\" height=\"0\"><\/p>\n<input type=\"hidden\" id=\"baseurl\" value=\"https:\/\/noticiasdestaque.com.br\"><input type=\"hidden\" id=\"audio_nonce\" value=\"6f73a554f1\">","protected":false},"excerpt":{"rendered":"<p>De acordo com a entidade, os profissionais dessa categoria sofreram descontos indevidos nos sal\u00e1rios<\/p>\n","protected":false},"author":1,"featured_media":38837,"comment_status":"open","ping_status":"open","sticky":false,"template":"","format":"standard","meta":{"fifu_image_url":"","fifu_image_alt":"","footnotes":""},"categories":[48],"tags":[],"class_list":["post-38836","post","type-post","status-publish","format-standard","has-post-thumbnail","hentry","category-mundo"],"distributor_meta":false,"distributor_terms":false,"distributor_media":false,"distributor_original_site_name":"Noticias em Destaque","distributor_original_site_url":"https:\/\/noticiasdestaque.com.br","push-errors":false,"_links":{"self":[{"href":"https:\/\/noticiasdestaque.com.br\/index.php\/wp-json\/wp\/v2\/posts\/38836","targetHints":{"allow":["GET"]}}],"collection":[{"href":"https:\/\/noticiasdestaque.com.br\/index.php\/wp-json\/wp\/v2\/posts"}],"about":[{"href":"https:\/\/noticiasdestaque.com.br\/index.php\/wp-json\/wp\/v2\/types\/post"}],"author":[{"embeddable":true,"href":"https:\/\/noticiasdestaque.com.br\/index.php\/wp-json\/wp\/v2\/users\/1"}],"replies":[{"embeddable":true,"href":"https:\/\/noticiasdestaque.com.br\/index.php\/wp-json\/wp\/v2\/comments?post=38836"}],"version-history":[{"count":0,"href":"https:\/\/noticiasdestaque.com.br\/index.php\/wp-json\/wp\/v2\/posts\/38836\/revisions"}],"wp:featuredmedia":[{"embeddable":true,"href":"https:\/\/noticiasdestaque.com.br\/index.php\/wp-json\/wp\/v2\/media\/38837"}],"wp:attachment":[{"href":"https:\/\/noticiasdestaque.com.br\/index.php\/wp-json\/wp\/v2\/media?parent=38836"}],"wp:term":[{"taxonomy":"category","embeddable":true,"href":"https:\/\/noticiasdestaque.com.br\/index.php\/wp-json\/wp\/v2\/categories?post=38836"},{"taxonomy":"post_tag","embeddable":true,"href":"https:\/\/noticiasdestaque.com.br\/index.php\/wp-json\/wp\/v2\/tags?post=38836"}],"curies":[{"name":"wp","href":"https:\/\/api.w.org\/{rel}","templated":true}]}}