{"id":38823,"date":"2024-10-02T01:00:00","date_gmt":"2024-10-02T04:00:00","guid":{"rendered":"https:\/\/noticiasdestaque.com.br\/index.php\/2024\/10\/02\/dolar-sobe-em-meio-a-conflito-no-oriente-medio\/"},"modified":"2024-10-02T01:00:00","modified_gmt":"2024-10-02T04:00:00","slug":"dolar-sobe-em-meio-a-conflito-no-oriente-medio","status":"publish","type":"post","link":"https:\/\/noticiasdestaque.com.br\/index.php\/2024\/10\/02\/dolar-sobe-em-meio-a-conflito-no-oriente-medio\/","title":{"rendered":"D\u00f3lar sobe em meio a conflito no Oriente M\u00e9dio"},"content":{"rendered":"<p>\t\t\t\t\t\t\t\t\t\t<audio controls class=\"b61_audio_player\" data-noticia=\"77763\" src=\"https:\/\/brasil61.com\/rails\/active_storage\/blobs\/eyJfcmFpbHMiOnsibWVzc2FnZSI6IkJBaHBBN1lGQXc9PSIsImV4cCI6bnVsbCwicHVyIjoiYmxvYl9pZCJ9fQ==--9836948404193ba3daf4fee6549f032bd28481a7\/BRAS2412735A\"><\/audio><\/p>\n<p>O d\u00f3lar encerrou a \u00faltima sess\u00e3o em alta, cotado a R$ 5,43. J\u00e1 o euro comercial apresentou desvaloriza\u00e7\u00e3o de 0,28%, cotado a R$ 6,01.<\/p>\n<p>Essa movimenta\u00e7\u00e3o envolvendo as moedas est\u00e1 relacionada a uma tend\u00eancia de valoriza\u00e7\u00e3o das divisas na maior parte dos mercados mais l\u00edquidos do mundo. Isso ocorreu devido ao temor que envolve a escalada dos conflitos no Oriente M\u00e9dio.\u00a0<\/p>\n<p>Inclusive, o real apresentou avan\u00e7o diante do fortalecimento do petr\u00f3leo. No entanto, com a investida do Ir\u00e3 contra Israel, a moeda brasileira apresentou deprecia\u00e7\u00e3o em rela\u00e7\u00e3o ao d\u00f3lar.<\/p>\n<p>Os dados s\u00e3o da companhia Morningstar. \u00a0\u00a0<\/p>\n<p>\u00a0<\/p>\n<p>\t\t\t\t\t\t\t\t\t<img loading=\"lazy\" decoding=\"async\" src=\"https:\/\/brasil61.com\/api\/v1\/serve_pixel\/17677\/77763\" alt=\"Pixel Brasil 61\" class=\"b61_pixel\" width=\"0\" height=\"0\"><\/p>\n<input type=\"hidden\" id=\"baseurl\" value=\"https:\/\/noticiasdestaque.com.br\"><input type=\"hidden\" id=\"audio_nonce\" value=\"6f73a554f1\">","protected":false},"excerpt":{"rendered":"<p>J\u00e1 o euro comercial apresentou desvaloriza\u00e7\u00e3o de 0,28%, cotado a R$ 6,01.<\/p>\n","protected":false},"author":1,"featured_media":38824,"comment_status":"open","ping_status":"open","sticky":false,"template":"","format":"standard","meta":{"fifu_image_url":"","fifu_image_alt":"","footnotes":""},"categories":[59],"tags":[],"class_list":["post-38823","post","type-post","status-publish","format-standard","has-post-thumbnail","hentry","category-economia"],"distributor_meta":false,"distributor_terms":false,"distributor_media":false,"distributor_original_site_name":"Noticias em Destaque","distributor_original_site_url":"https:\/\/noticiasdestaque.com.br","push-errors":false,"_links":{"self":[{"href":"https:\/\/noticiasdestaque.com.br\/index.php\/wp-json\/wp\/v2\/posts\/38823","targetHints":{"allow":["GET"]}}],"collection":[{"href":"https:\/\/noticiasdestaque.com.br\/index.php\/wp-json\/wp\/v2\/posts"}],"about":[{"href":"https:\/\/noticiasdestaque.com.br\/index.php\/wp-json\/wp\/v2\/types\/post"}],"author":[{"embeddable":true,"href":"https:\/\/noticiasdestaque.com.br\/index.php\/wp-json\/wp\/v2\/users\/1"}],"replies":[{"embeddable":true,"href":"https:\/\/noticiasdestaque.com.br\/index.php\/wp-json\/wp\/v2\/comments?post=38823"}],"version-history":[{"count":0,"href":"https:\/\/noticiasdestaque.com.br\/index.php\/wp-json\/wp\/v2\/posts\/38823\/revisions"}],"wp:featuredmedia":[{"embeddable":true,"href":"https:\/\/noticiasdestaque.com.br\/index.php\/wp-json\/wp\/v2\/media\/38824"}],"wp:attachment":[{"href":"https:\/\/noticiasdestaque.com.br\/index.php\/wp-json\/wp\/v2\/media?parent=38823"}],"wp:term":[{"taxonomy":"category","embeddable":true,"href":"https:\/\/noticiasdestaque.com.br\/index.php\/wp-json\/wp\/v2\/categories?post=38823"},{"taxonomy":"post_tag","embeddable":true,"href":"https:\/\/noticiasdestaque.com.br\/index.php\/wp-json\/wp\/v2\/tags?post=38823"}],"curies":[{"name":"wp","href":"https:\/\/api.w.org\/{rel}","templated":true}]}}