{"id":38813,"date":"2024-10-03T03:00:00","date_gmt":"2024-10-03T06:00:00","guid":{"rendered":"https:\/\/noticiasdestaque.com.br\/index.php\/2024\/10\/03\/historias-exportadoras-vallitech-expande-presenca-internacional-com-apoio-de-projeto-setorial-da-apexbrasil\/"},"modified":"2024-10-03T03:00:00","modified_gmt":"2024-10-03T06:00:00","slug":"historias-exportadoras-vallitech-expande-presenca-internacional-com-apoio-de-projeto-setorial-da-apexbrasil","status":"publish","type":"post","link":"https:\/\/noticiasdestaque.com.br\/index.php\/2024\/10\/03\/historias-exportadoras-vallitech-expande-presenca-internacional-com-apoio-de-projeto-setorial-da-apexbrasil\/","title":{"rendered":"HIST\u00d3RIAS EXPORTADORAS: Vallitech expande presen\u00e7a internacional com apoio de projeto setorial da ApexBrasil"},"content":{"rendered":"<p>\t\t\t\t\t\t\t\t\t\t<audio controls class=\"b61_audio_player\" data-noticia=\"77696\" src=\"https:\/\/brasil61.com\/rails\/active_storage\/blobs\/eyJfcmFpbHMiOnsibWVzc2FnZSI6IkJBaHBBeEVGQXc9PSIsImV4cCI6bnVsbCwicHVyIjoiYmxvYl9pZCJ9fQ==--f24404f4fefaf24cb3c7252f114169b480a53ec9\/APEX240040A\"><\/audio><\/p>\n<p>\u00a0<\/p>\n<\/p>\n<p dir=\"ltr\"><b id=\"docs-internal-guid-f1ad8d18-7fff-9720-3800-0c2c8cb2fdff\">As empresas brasileiras que receberam apoio do <a href=\"https:\/\/www.brazilianhealthdevices.org.br\/about#\/about\/project\">Brazilian Health Devices<\/a> cresceram duas vezes mais do que a ind\u00fastria geral de dispositivos m\u00e9dicos. O BHD \u00e9 um projeto setorial executado pela Associa\u00e7\u00e3o Brasileira da Ind\u00fastria de Dispositivos M\u00e9dicos (ABIMO) em parceria com a Ag\u00eancia Brasileira de Promo\u00e7\u00e3o de Exporta\u00e7\u00f5es e Investimentos (ApexBrasil), cujo objetivo \u00e9 fomentar as exporta\u00e7\u00f5es das ind\u00fastrias de artigos e equipamentos da \u00e1rea da sa\u00fade.\u00a0<\/b><\/p>\n<p dir=\"ltr\"><b id=\"docs-internal-guid-f1ad8d18-7fff-9720-3800-0c2c8cb2fdff\">Segundo dados da ApexBrasil, as marcas que integram esse projeto cresceram 36,2% em tr\u00eas meses se comparado ao mesmo per\u00edodo do ano anterior, enquanto o crescimento geral do setor no pa\u00eds foi de 16,3%.<\/b><\/p>\n<p dir=\"ltr\"><b id=\"docs-internal-guid-f1ad8d18-7fff-9720-3800-0c2c8cb2fdff\">Entre as beneficiadas pelo projeto est\u00e1 a Vallitech, empresa de Curitiba (PR) especializada em mobili\u00e1rios, camas, estofados, mesas cir\u00fargicas e outros equipamentos hospitalares. Com mais de 30 anos no mercado nacional, o empreendimento conseguiu triplicar as vendas para o exterior com o apoio da ApexBrasil e do projeto setorial.\u00a0<\/b><\/p>\n<p dir=\"ltr\"><b id=\"docs-internal-guid-f1ad8d18-7fff-9720-3800-0c2c8cb2fdff\">Manoel Macedo, representante da Vallitech, conta que o BHD foi uma virada de chave para o posicionamento da empresa no mercado internacional.<\/b><\/p>\n<p dir=\"ltr\"><b id=\"docs-internal-guid-f1ad8d18-7fff-9720-3800-0c2c8cb2fdff\">\u201cA gente utilizou e utiliza todos os recursos que nos s\u00e3o proporcionados. Ent\u00e3o, estudos de mercados, matchmaking, feiras internacionais, tudo que se disponibiliza como ajuda a gente utiliza. A gente j\u00e1 teve reuni\u00f5es na R\u00fassia, na \u00c1frica, aqui na Am\u00e9rica Latina. Tudo isso por meio desses programas com a Apex.\u201d<\/b><\/p>\n<h2 dir=\"ltr\"><b id=\"docs-internal-guid-f1ad8d18-7fff-9720-3800-0c2c8cb2fdff\">Feiras Internacionais<\/b><\/h2>\n<p dir=\"ltr\"><b id=\"docs-internal-guid-f1ad8d18-7fff-9720-3800-0c2c8cb2fdff\">Para Manoel Macedo, uma das principais vantagens de estar no projeto setorial BHD \u00e9 participar de feiras internacionais. Segundo ele, a participa\u00e7\u00e3o nesses eventos custa 25% do total que teria que arcar sem o apoio da ApexBrasil.<\/b><\/p>\n<p dir=\"ltr\"><b id=\"docs-internal-guid-f1ad8d18-7fff-9720-3800-0c2c8cb2fdff\">\u201c\u00c9 algo que antes a gente n\u00e3o tinha a facilidade ao acesso de informa\u00e7\u00e3o e ao acesso de parcerias. Todas as feiras internacionais que a gente participa \u2014 99% pelo menos \u2014 s\u00e3o com essa parceria com a Apex.\u201d<\/b><\/p>\n<p dir=\"ltr\"><b id=\"docs-internal-guid-f1ad8d18-7fff-9720-3800-0c2c8cb2fdff\">Outra facilidade \u00e9 a indica\u00e7\u00e3o de compradores dos produtos da Vallitech para distribuir para os respectivos pa\u00edses.<\/b><\/p>\n<p dir=\"ltr\"><b id=\"docs-internal-guid-f1ad8d18-7fff-9720-3800-0c2c8cb2fdff\">\u201cEm toda a Am\u00e9rica Latina, a gente j\u00e1 possui distribuidores pr\u00f3prios. S\u00e3o distribuidores que a gente conheceu [nas feiras] ou s\u00e3o indica\u00e7\u00e3o que vem do programa. Ent\u00e3o, proporciona o acesso ao mercado com esses distribuidores locais, que j\u00e1 s\u00e3o de conhecimento da Apex. Ent\u00e3o, n\u00e3o \u00e9 uma busca qualquer que a gente est\u00e1 vindo fazer.\u201d<\/b><\/p>\n<p dir=\"ltr\"><b id=\"docs-internal-guid-f1ad8d18-7fff-9720-3800-0c2c8cb2fdff\">Segundo o representante da Vallitech, hoje a empresa exporta para v\u00e1rios pa\u00edses da Am\u00e9rica Latina, mas j\u00e1 almeja alcan\u00e7ar outros mercados com a ajuda da ApexBrasil.<\/b><\/p>\n<p dir=\"ltr\"><b id=\"docs-internal-guid-f1ad8d18-7fff-9720-3800-0c2c8cb2fdff\">\u201cEstivemos no in\u00edcio do ano junto com a Apex na feira em Dubai. Ent\u00e3o, estamos em tratativas com clientes do Oriente M\u00e9dio, j\u00e1 participando de licita\u00e7\u00f5es e negocia\u00e7\u00f5es l\u00e1. Iremos ainda participar da feira da Col\u00f4mbia. Ano que vem queremos estar presente na feira da \u00c1frica. E tudo isso junto a esse conv\u00eanio, junto a essa ajuda, porque sen\u00e3o seria muito mais dif\u00edcil, muito mais demorado, porque \u00e9 um custo alto.\u201d<\/b><\/p>\n<p dir=\"ltr\"><b id=\"docs-internal-guid-f1ad8d18-7fff-9720-3800-0c2c8cb2fdff\">Manoel Macedo afirma que depois de triplicar as vendas para o exterior, a meta para 2028 \u00e9 que de 30% a 40% do faturamento total da empresa seja da \u00e1rea da exporta\u00e7\u00e3o.\u00a0<\/b><\/p>\n<h2 dir=\"ltr\"><b id=\"docs-internal-guid-f1ad8d18-7fff-9720-3800-0c2c8cb2fdff\">Projetos setoriais<\/b><\/h2>\n<p dir=\"ltr\"><b id=\"docs-internal-guid-f1ad8d18-7fff-9720-3800-0c2c8cb2fdff\">A ApexBrasil, em parceria com associa\u00e7\u00f5es de diversos setores da economia, oferece projetos setoriais para fomentar a exporta\u00e7\u00e3o dos produtos e servi\u00e7os brasileiros. Nesses projetos, s\u00e3o realizados cursos, workshops, participa\u00e7\u00e3o em feiras internacionais e o encontro ideal entre empresas brasileiras e compradores internacionais.<\/b><\/p>\n<p dir=\"ltr\"><b id=\"docs-internal-guid-f1ad8d18-7fff-9720-3800-0c2c8cb2fdff\">S\u00e3o projetos nas \u00e1reas de alimentos, bebidas e agroneg\u00f3cios, casa e constru\u00e7\u00e3o, economia criativa, moda, m\u00e1quinas e equipamentos, sa\u00fade, tecnologia da informa\u00e7\u00e3o e comunica\u00e7\u00e3o, entre outros.<\/b><\/p>\n<p dir=\"ltr\"><b id=\"docs-internal-guid-f1ad8d18-7fff-9720-3800-0c2c8cb2fdff\">Para mais informa\u00e7\u00f5es sobre os projetos setoriais da ApexBrasil, clique <a href=\"https:\/\/apexbrasil.com.br\/br\/pt\/conteudo\/projetos-setoriais.html\">aqui<\/a>. Se quiser saber mais sobre outros programas da Ag\u00eancia Brasileira de Promo\u00e7\u00e3o de Exporta\u00e7\u00f5es e Investimentos, acesse <a href=\"http:\/\/www.apexbrasil.com.br\">www.apexbrasil.com.br<\/a>.\u00a0<\/b><\/p>\n<p>\t\t\t\t\t\t\t\t\t<img loading=\"lazy\" decoding=\"async\" src=\"https:\/\/brasil61.com\/api\/v1\/serve_pixel\/17677\/77696\" alt=\"Pixel Brasil 61\" class=\"b61_pixel\" width=\"0\" height=\"0\"><\/p>\n<input type=\"hidden\" id=\"baseurl\" value=\"https:\/\/noticiasdestaque.com.br\"><input type=\"hidden\" id=\"audio_nonce\" value=\"5128c810d9\">","protected":false},"excerpt":{"rendered":"<p>Empresas brasileiras que receberam apoio do Brazilian Health Devices, projeto setorial da ApexBrasil, crescem duas vezes mais do que a ind\u00fastria geral de dispositivos m\u00e9dicos<\/p>\n","protected":false},"author":1,"featured_media":38814,"comment_status":"open","ping_status":"open","sticky":false,"template":"","format":"standard","meta":{"fifu_image_url":"","fifu_image_alt":"","footnotes":""},"categories":[59],"tags":[],"class_list":["post-38813","post","type-post","status-publish","format-standard","has-post-thumbnail","hentry","category-economia"],"distributor_meta":false,"distributor_terms":false,"distributor_media":false,"distributor_original_site_name":"Noticias em Destaque","distributor_original_site_url":"https:\/\/noticiasdestaque.com.br","push-errors":false,"_links":{"self":[{"href":"https:\/\/noticiasdestaque.com.br\/index.php\/wp-json\/wp\/v2\/posts\/38813","targetHints":{"allow":["GET"]}}],"collection":[{"href":"https:\/\/noticiasdestaque.com.br\/index.php\/wp-json\/wp\/v2\/posts"}],"about":[{"href":"https:\/\/noticiasdestaque.com.br\/index.php\/wp-json\/wp\/v2\/types\/post"}],"author":[{"embeddable":true,"href":"https:\/\/noticiasdestaque.com.br\/index.php\/wp-json\/wp\/v2\/users\/1"}],"replies":[{"embeddable":true,"href":"https:\/\/noticiasdestaque.com.br\/index.php\/wp-json\/wp\/v2\/comments?post=38813"}],"version-history":[{"count":0,"href":"https:\/\/noticiasdestaque.com.br\/index.php\/wp-json\/wp\/v2\/posts\/38813\/revisions"}],"wp:featuredmedia":[{"embeddable":true,"href":"https:\/\/noticiasdestaque.com.br\/index.php\/wp-json\/wp\/v2\/media\/38814"}],"wp:attachment":[{"href":"https:\/\/noticiasdestaque.com.br\/index.php\/wp-json\/wp\/v2\/media?parent=38813"}],"wp:term":[{"taxonomy":"category","embeddable":true,"href":"https:\/\/noticiasdestaque.com.br\/index.php\/wp-json\/wp\/v2\/categories?post=38813"},{"taxonomy":"post_tag","embeddable":true,"href":"https:\/\/noticiasdestaque.com.br\/index.php\/wp-json\/wp\/v2\/tags?post=38813"}],"curies":[{"name":"wp","href":"https:\/\/api.w.org\/{rel}","templated":true}]}}