{"id":38803,"date":"2024-10-01T18:10:00","date_gmt":"2024-10-01T21:10:00","guid":{"rendered":"https:\/\/noticiasdestaque.com.br\/index.php\/2024\/10\/01\/quarta-feira-de-calor-alta-umidade-e-chuvas-esparsas-no-norte\/"},"modified":"2024-10-01T18:10:00","modified_gmt":"2024-10-01T21:10:00","slug":"quarta-feira-de-calor-alta-umidade-e-chuvas-esparsas-no-norte","status":"publish","type":"post","link":"https:\/\/noticiasdestaque.com.br\/index.php\/2024\/10\/01\/quarta-feira-de-calor-alta-umidade-e-chuvas-esparsas-no-norte\/","title":{"rendered":"Quarta-feira de calor, alta umidade e chuvas esparsas no Norte"},"content":{"rendered":"<p>\t\t\t\t\t\t\t\t\t\t<audio controls class=\"b61_audio_player\" data-noticia=\"77749\" src=\"https:\/\/brasil61.com\/rails\/active_storage\/blobs\/eyJfcmFpbHMiOnsibWVzc2FnZSI6IkJBaHBBNllGQXc9PSIsImV4cCI6bnVsbCwicHVyIjoiYmxvYl9pZCJ9fQ==--6875dc697f022fd73c7125a9ef837c4db13f6714\/PTRN244204A\"><\/audio><\/p>\n<p>Nesta quarta-feira (2) a Regi\u00e3o Norte do Brasil deve apresentar um dia marcado por varia\u00e7\u00f5es clim\u00e1ticas, com a influ\u00eancia da umidade t\u00edpica da esta\u00e7\u00e3o e fen\u00f4menos como a Zona de Converg\u00eancia Intertropical (ZCIT). Tem previs\u00e3o de chuva, com aumento de volume na parte da tarde em todo o centro-leste do Amazonas, Rond\u00f4nia e Roraima.\u00a0<\/p>\n<p>Para os outros estados da regi\u00e3o\u00a0chove, mas em menor volume e em \u00e1reas isoladas.<\/p>\n<p>O Inmet emitiu alerta de perigo potencial para todo o estado de Rond\u00f4nia, onde pode chover entre 30 e 60mm\/hora, com risco de granizo e rajadas de vento.\u00a0<\/p>\n<p>Na capital amazonense o dia deve ser nublado, com possibilidade de chuvas isoladas e m\u00e1xima de 31\u00b0C. Em Bel\u00e9m (PA), o sol aparece entre nuvens e tamb\u00e9m deve chover.\u00a0<\/p>\n<p>Em Porto Velho (RO), apesar do alerta de chuva, a temperatura pode chegar aos 33\u00b0C.\u00a0<\/p>\n<p>As informa\u00e7\u00f5es s\u00e3o do Inmet<br \/>\n\u00a0<\/p>\n<p>\t\t\t\t\t\t\t\t\t<img loading=\"lazy\" decoding=\"async\" src=\"https:\/\/brasil61.com\/api\/v1\/serve_pixel\/17677\/77749\" alt=\"Pixel Brasil 61\" class=\"b61_pixel\" width=\"0\" height=\"0\"><\/p>\n<input type=\"hidden\" id=\"baseurl\" value=\"https:\/\/noticiasdestaque.com.br\"><input type=\"hidden\" id=\"audio_nonce\" value=\"6f73a554f1\">","protected":false},"excerpt":{"rendered":"<p>Rond\u00f4nia tem alerta de tempestade e Tocantins de baixa umidade do ar<\/p>\n","protected":false},"author":1,"featured_media":38804,"comment_status":"open","ping_status":"open","sticky":false,"template":"","format":"standard","meta":{"fifu_image_url":"","fifu_image_alt":"","footnotes":""},"categories":[58],"tags":[],"class_list":["post-38803","post","type-post","status-publish","format-standard","has-post-thumbnail","hentry","category-cotidiano"],"distributor_meta":false,"distributor_terms":false,"distributor_media":false,"distributor_original_site_name":"Noticias em Destaque","distributor_original_site_url":"https:\/\/noticiasdestaque.com.br","push-errors":false,"_links":{"self":[{"href":"https:\/\/noticiasdestaque.com.br\/index.php\/wp-json\/wp\/v2\/posts\/38803","targetHints":{"allow":["GET"]}}],"collection":[{"href":"https:\/\/noticiasdestaque.com.br\/index.php\/wp-json\/wp\/v2\/posts"}],"about":[{"href":"https:\/\/noticiasdestaque.com.br\/index.php\/wp-json\/wp\/v2\/types\/post"}],"author":[{"embeddable":true,"href":"https:\/\/noticiasdestaque.com.br\/index.php\/wp-json\/wp\/v2\/users\/1"}],"replies":[{"embeddable":true,"href":"https:\/\/noticiasdestaque.com.br\/index.php\/wp-json\/wp\/v2\/comments?post=38803"}],"version-history":[{"count":0,"href":"https:\/\/noticiasdestaque.com.br\/index.php\/wp-json\/wp\/v2\/posts\/38803\/revisions"}],"wp:featuredmedia":[{"embeddable":true,"href":"https:\/\/noticiasdestaque.com.br\/index.php\/wp-json\/wp\/v2\/media\/38804"}],"wp:attachment":[{"href":"https:\/\/noticiasdestaque.com.br\/index.php\/wp-json\/wp\/v2\/media?parent=38803"}],"wp:term":[{"taxonomy":"category","embeddable":true,"href":"https:\/\/noticiasdestaque.com.br\/index.php\/wp-json\/wp\/v2\/categories?post=38803"},{"taxonomy":"post_tag","embeddable":true,"href":"https:\/\/noticiasdestaque.com.br\/index.php\/wp-json\/wp\/v2\/tags?post=38803"}],"curies":[{"name":"wp","href":"https:\/\/api.w.org\/{rel}","templated":true}]}}