{"id":38793,"date":"2024-09-30T18:00:00","date_gmt":"2024-09-30T21:00:00","guid":{"rendered":"https:\/\/noticiasdestaque.com.br\/index.php\/2024\/09\/30\/previsao-do-tempo-regiao-sul-tem-alerta-de-tempestade-em-sc-e-rs-nesta-terca-01\/"},"modified":"2024-09-30T18:00:00","modified_gmt":"2024-09-30T21:00:00","slug":"previsao-do-tempo-regiao-sul-tem-alerta-de-tempestade-em-sc-e-rs-nesta-terca-01","status":"publish","type":"post","link":"https:\/\/noticiasdestaque.com.br\/index.php\/2024\/09\/30\/previsao-do-tempo-regiao-sul-tem-alerta-de-tempestade-em-sc-e-rs-nesta-terca-01\/","title":{"rendered":"PREVIS\u00c3O DO TEMPO: Regi\u00e3o Sul tem alerta de tempestade em SC e RS, nesta ter\u00e7a (01)"},"content":{"rendered":"<p>\t\t\t\t\t\t\t\t\t\t<audio controls class=\"b61_audio_player\" data-noticia=\"77737\" src=\"https:\/\/brasil61.com\/rails\/active_storage\/blobs\/eyJfcmFpbHMiOnsibWVzc2FnZSI6IkJBaHBBM2dGQXc9PSIsImV4cCI6bnVsbCwicHVyIjoiYmxvYl9pZCJ9fQ==--7d4138c1c80e8e14498b7c974d151679e236d6c5\/PTRS243718A\"><\/audio><\/p>\n<p>Nesta ter\u00e7a-feira (1), tem previs\u00e3o de chuvas no Rio Grande do Sul e Santa Catarina. J\u00e1 no Paran\u00e1, o dia pode variar entre poucas e muitas nuvens.<\/p>\n<p>Pela manh\u00e3, deve haver pancadas de chuvas em todo o territ\u00f3rio ga\u00facho e na regi\u00e3o Sul Catarinense. \u00c0 tarde e \u00e0 noite, as precipita\u00e7\u00f5es atingem tamb\u00e9m outras \u00e1reas do estado de Santa Catarina, com exce\u00e7\u00e3o do Norte Catarinense.<\/p>\n<p>O Instituto Nacional de Meteorologia (Inmet) emitiu um alerta de perigo de tempestades para o Rio Grande do Sul e para as regi\u00f5es de Serrana, Oeste e Sul Catarinense. No Paran\u00e1, tamb\u00e9m tem alerta de onda de calor no Norte Pioneiro, Norte Central, Noroeste, Centro Oriental, Centro Ocidental e Oeste Paranaenses e Regi\u00e3o Metropolitana de Curitiba.<\/p>\n<p>Entre as capitais, a temperatura m\u00ednima deve ficar em torno de 17\u00b0C em Curitiba (PR) e a m\u00e1xima pode chegar aos 32\u00b0C, tamb\u00e9m na capital paranaense. A umidade relativa do ar pode variar entre 95% e 20%.<\/p>\n<p>As informa\u00e7\u00f5es s\u00e3o do Instituto Nacional de Meteorologia.\u00a0<\/p>\n<p>\t\t\t\t\t\t\t\t\t<img loading=\"lazy\" decoding=\"async\" src=\"https:\/\/brasil61.com\/api\/v1\/serve_pixel\/17677\/77737\" alt=\"Pixel Brasil 61\" class=\"b61_pixel\" width=\"0\" height=\"0\"><\/p>\n<input type=\"hidden\" id=\"baseurl\" value=\"https:\/\/noticiasdestaque.com.br\"><input type=\"hidden\" id=\"audio_nonce\" value=\"6f73a554f1\">","protected":false},"excerpt":{"rendered":"<p>A temperatura na Regi\u00e3o Sul do pa\u00eds pode variar entre 17\u00b0C e 32\u00b0C<\/p>\n","protected":false},"author":1,"featured_media":38794,"comment_status":"open","ping_status":"open","sticky":false,"template":"","format":"standard","meta":{"fifu_image_url":"","fifu_image_alt":"","footnotes":""},"categories":[58],"tags":[],"class_list":["post-38793","post","type-post","status-publish","format-standard","has-post-thumbnail","hentry","category-cotidiano"],"distributor_meta":false,"distributor_terms":false,"distributor_media":false,"distributor_original_site_name":"Noticias em Destaque","distributor_original_site_url":"https:\/\/noticiasdestaque.com.br","push-errors":false,"_links":{"self":[{"href":"https:\/\/noticiasdestaque.com.br\/index.php\/wp-json\/wp\/v2\/posts\/38793","targetHints":{"allow":["GET"]}}],"collection":[{"href":"https:\/\/noticiasdestaque.com.br\/index.php\/wp-json\/wp\/v2\/posts"}],"about":[{"href":"https:\/\/noticiasdestaque.com.br\/index.php\/wp-json\/wp\/v2\/types\/post"}],"author":[{"embeddable":true,"href":"https:\/\/noticiasdestaque.com.br\/index.php\/wp-json\/wp\/v2\/users\/1"}],"replies":[{"embeddable":true,"href":"https:\/\/noticiasdestaque.com.br\/index.php\/wp-json\/wp\/v2\/comments?post=38793"}],"version-history":[{"count":0,"href":"https:\/\/noticiasdestaque.com.br\/index.php\/wp-json\/wp\/v2\/posts\/38793\/revisions"}],"wp:featuredmedia":[{"embeddable":true,"href":"https:\/\/noticiasdestaque.com.br\/index.php\/wp-json\/wp\/v2\/media\/38794"}],"wp:attachment":[{"href":"https:\/\/noticiasdestaque.com.br\/index.php\/wp-json\/wp\/v2\/media?parent=38793"}],"wp:term":[{"taxonomy":"category","embeddable":true,"href":"https:\/\/noticiasdestaque.com.br\/index.php\/wp-json\/wp\/v2\/categories?post=38793"},{"taxonomy":"post_tag","embeddable":true,"href":"https:\/\/noticiasdestaque.com.br\/index.php\/wp-json\/wp\/v2\/tags?post=38793"}],"curies":[{"name":"wp","href":"https:\/\/api.w.org\/{rel}","templated":true}]}}