{"id":38777,"date":"2024-09-30T03:30:00","date_gmt":"2024-09-30T06:30:00","guid":{"rendered":"https:\/\/noticiasdestaque.com.br\/index.php\/2024\/09\/30\/estados-devem-repassar-25-do-icms-aos-municipios-em-casos-de-compensacao-ou-transacao-tributaria\/"},"modified":"2024-09-30T03:30:00","modified_gmt":"2024-09-30T06:30:00","slug":"estados-devem-repassar-25-do-icms-aos-municipios-em-casos-de-compensacao-ou-transacao-tributaria","status":"publish","type":"post","link":"https:\/\/noticiasdestaque.com.br\/index.php\/2024\/09\/30\/estados-devem-repassar-25-do-icms-aos-municipios-em-casos-de-compensacao-ou-transacao-tributaria\/","title":{"rendered":"Estados devem repassar 25% do ICMS aos munic\u00edpios em casos de compensa\u00e7\u00e3o ou transa\u00e7\u00e3o tribut\u00e1ria"},"content":{"rendered":"<p>\t\t\t\t\t\t\t\t\t\t<audio controls class=\"b61_audio_player\" data-noticia=\"77698\" src=\"https:\/\/brasil61.com\/rails\/active_storage\/blobs\/eyJfcmFpbHMiOnsibWVzc2FnZSI6IkJBaHBBeUFGQXc9PSIsImV4cCI6bnVsbCwicHVyIjoiYmxvYl9pZCJ9fQ==--4e1e7f367b4f01fc3c82b11a8d066e7aef8975e3\/BRAS2412718A\"><\/audio><\/p>\n<p>Os estados brasileiros s\u00e3o obrigados a repassar aos munic\u00edpios 25% do Imposto sobre Circula\u00e7\u00e3o de Mercadorias e Servi\u00e7os (ICMS). A decis\u00e3o \u00e9 do Supremo Tribunal Federal (STF) que, de forma un\u00e2nime, entendeu que essa determina\u00e7\u00e3o vale, inclusive, para casos de compensa\u00e7\u00e3o ou transa\u00e7\u00e3o tribut\u00e1ria.<\/p>\n<p>O advogado especialista em direito tribut\u00e1rio, Renato Gomes, explica que os estados j\u00e1 eram obrigados a repassar 25% do ICMS aos munic\u00edpios\u00a0mas que, nesses casos espec\u00edficos \u2013 envolvendo compensa\u00e7\u00e3o ou transa\u00e7\u00e3o tribut\u00e1ria &#8211; os munic\u00edpios poderiam deixar de receber algum valor.\u00a0<\/p>\n<p>Acontece que, em situa\u00e7\u00f5es envolvendo compensa\u00e7\u00e3o tribut\u00e1ria, por exemplo, o contribuinte paga o tributo utilizando um cr\u00e9dito com o Fisco, que pode ter sido gerado por um benef\u00edcio fiscal. Apesar de, nesses casos, n\u00e3o haver entrada efetiva de dinheiro para o estado, a unidade da federa\u00e7\u00e3o \u00e9 compensada de forma indireta, uma vez que esses valores j\u00e1 foram pagos quando o contribuinte obteve o cr\u00e9dito tribut\u00e1rio.\u00a0<\/p>\n<p>\u201cO STF estabeleceu que, mesmo nesses casos de compensa\u00e7\u00e3o tribut\u00e1ria \u2013 no qual o contribuinte tem um cr\u00e9dito \u2013 ou nos casos de transa\u00e7\u00e3o tribut\u00e1ria, em que h\u00e1 um acordo com o Fisco, no que diz respeito ao ICMS, 25% do valor dessa compensa\u00e7\u00e3o ou dessa transa\u00e7\u00e3o dever\u00e1 ser repassado para os munic\u00edpios.\u201d\u00a0<\/p>\n<p>Na avalia\u00e7\u00e3o do especialista em or\u00e7amento p\u00fablico, Cesar Lima, a medida \u00e9 ben\u00e9fica para as prefeituras, uma vez que aumenta a arrecada\u00e7\u00e3o dos cofres municipais.\u00a0<\/p>\n<p>\u201cVai fazer uma diferen\u00e7a nas receitas municipais. Claro que n\u00e3o vai aumentar vertiginosamente, mas \u00e9 algo a mais que, com certeza, far\u00e1 diferen\u00e7a para os munic\u00edpios brasileiros.\u201d\u00a0<\/p>\n<p>A decis\u00e3o do STF se deu no julgamento de uma A\u00e7\u00e3o Direta de Inconstitucionalidade, encerrado no \u00faltimo dia 20 de setembro. A a\u00e7\u00e3o foi ajuizada pelos governos do Paran\u00e1, Mato Grosso do Sul e Para\u00edba, em 2006. Os tr\u00eas estados questionaram a constitucionalidade de um trecho da legisla\u00e7\u00e3o que prev\u00ea esses repasses.\u00a0<\/p>\n<p>Ao fim do julgamento, prevaleceu o entendimento do relator, ministro Nunes Marques, que aponta que o recurso pertence aos munic\u00edpios. Segundo ele, os estados n\u00e3o t\u00eam compet\u00eancia para \u201ccondicionar, restringir ou, de qualquer modo, reter o repasse.\u201d Para o ministro, trata-se de receita, que passa a ser contabilizada no or\u00e7amento.\u00a0<br \/>\n\u00a0<\/p>\n<p>\t\t\t\t\t\t\t\t\t<img loading=\"lazy\" decoding=\"async\" src=\"https:\/\/brasil61.com\/api\/v1\/serve_pixel\/17677\/77698\" alt=\"Pixel Brasil 61\" class=\"b61_pixel\" width=\"0\" height=\"0\"><\/p>\n<input type=\"hidden\" id=\"baseurl\" value=\"https:\/\/noticiasdestaque.com.br\"><input type=\"hidden\" id=\"audio_nonce\" value=\"6f73a554f1\">","protected":false},"excerpt":{"rendered":"<p>Segundo entendimento do ministro do STF, Nunes Marques, os estados n\u00e3o t\u00eam compet\u00eancia para \u201ccondicionar, restringir ou, de qualquer modo, reter o repasse\u201d<\/p>\n","protected":false},"author":1,"featured_media":38778,"comment_status":"open","ping_status":"open","sticky":false,"template":"","format":"standard","meta":{"fifu_image_url":"","fifu_image_alt":"","footnotes":""},"categories":[59],"tags":[],"class_list":["post-38777","post","type-post","status-publish","format-standard","has-post-thumbnail","hentry","category-economia"],"distributor_meta":false,"distributor_terms":false,"distributor_media":false,"distributor_original_site_name":"Noticias em Destaque","distributor_original_site_url":"https:\/\/noticiasdestaque.com.br","push-errors":false,"_links":{"self":[{"href":"https:\/\/noticiasdestaque.com.br\/index.php\/wp-json\/wp\/v2\/posts\/38777","targetHints":{"allow":["GET"]}}],"collection":[{"href":"https:\/\/noticiasdestaque.com.br\/index.php\/wp-json\/wp\/v2\/posts"}],"about":[{"href":"https:\/\/noticiasdestaque.com.br\/index.php\/wp-json\/wp\/v2\/types\/post"}],"author":[{"embeddable":true,"href":"https:\/\/noticiasdestaque.com.br\/index.php\/wp-json\/wp\/v2\/users\/1"}],"replies":[{"embeddable":true,"href":"https:\/\/noticiasdestaque.com.br\/index.php\/wp-json\/wp\/v2\/comments?post=38777"}],"version-history":[{"count":0,"href":"https:\/\/noticiasdestaque.com.br\/index.php\/wp-json\/wp\/v2\/posts\/38777\/revisions"}],"wp:featuredmedia":[{"embeddable":true,"href":"https:\/\/noticiasdestaque.com.br\/index.php\/wp-json\/wp\/v2\/media\/38778"}],"wp:attachment":[{"href":"https:\/\/noticiasdestaque.com.br\/index.php\/wp-json\/wp\/v2\/media?parent=38777"}],"wp:term":[{"taxonomy":"category","embeddable":true,"href":"https:\/\/noticiasdestaque.com.br\/index.php\/wp-json\/wp\/v2\/categories?post=38777"},{"taxonomy":"post_tag","embeddable":true,"href":"https:\/\/noticiasdestaque.com.br\/index.php\/wp-json\/wp\/v2\/tags?post=38777"}],"curies":[{"name":"wp","href":"https:\/\/api.w.org\/{rel}","templated":true}]}}